{"id":1045,"date":"2017-03-10T10:31:29","date_gmt":"2017-03-10T09:31:29","guid":{"rendered":"http:\/\/studio-animacao.net\/blogo\/?p=1045"},"modified":"2017-03-10T10:31:29","modified_gmt":"2017-03-10T09:31:29","slug":"ateliers-numeriques-spoerri-et-klein","status":"publish","type":"post","link":"http:\/\/studio-animacao.net\/blogo\/ateliers-numeriques-spoerri-et-klein\/","title":{"rendered":"Ateliers num\u00e9riques : Spoerri et Klein"},"content":{"rendered":"<p>De retour dans la classe de <strong>CE1 de l&rsquo;\u00e9cole Jules Ferry<\/strong>, pour discuter de l&rsquo;exposition vue au Mus\u00e9e des Abattoirs et cr\u00e9er avec les ordinateurs.<\/p>\n<p><img decoding=\"async\" loading=\"lazy\" class=\"aligncenter wp-image-1046 size-medium\" src=\"http:\/\/studio-animacao.net\/blogo\/wp-content\/uploads\/2017\/03\/artnum2-300x194.jpg\" alt=\"artnum2\" width=\"300\" height=\"194\" srcset=\"http:\/\/studio-animacao.net\/blogo\/wp-content\/uploads\/2017\/03\/artnum2-300x194.jpg 300w, http:\/\/studio-animacao.net\/blogo\/wp-content\/uploads\/2017\/03\/artnum2-768x496.jpg 768w, http:\/\/studio-animacao.net\/blogo\/wp-content\/uploads\/2017\/03\/artnum2-1024x662.jpg 1024w, http:\/\/studio-animacao.net\/blogo\/wp-content\/uploads\/2017\/03\/artnum2.jpg 1181w\" sizes=\"(max-width: 300px) 100vw, 300px\" \/><\/p>\n<p><strong>Atelier \u00ab\u00a0Spoerri\u00a0\u00bb<\/strong> : \u00e0 partir de photos faites des oeuvres de Daniel Spoerri, d&rsquo;objets pris en photos de la collection de deux Daniel et d&rsquo;autres images d&rsquo;objets, les enfants ont \u00e9t\u00e9 invit\u00e9s \u00e0 imaginer un personnage de l&rsquo;histoire du \u00ab\u00a0Joueur de fl\u00fbte\u00a0\u00bb&#8230;<\/p>\n<p><img decoding=\"async\" loading=\"lazy\" class=\"aligncenter wp-image-1047 size-medium\" src=\"http:\/\/studio-animacao.net\/blogo\/wp-content\/uploads\/2017\/03\/artnum4-214x300.jpg\" alt=\"artnum4\" width=\"214\" height=\"300\" srcset=\"http:\/\/studio-animacao.net\/blogo\/wp-content\/uploads\/2017\/03\/artnum4-214x300.jpg 214w, http:\/\/studio-animacao.net\/blogo\/wp-content\/uploads\/2017\/03\/artnum4-768x1075.jpg 768w, http:\/\/studio-animacao.net\/blogo\/wp-content\/uploads\/2017\/03\/artnum4-732x1024.jpg 732w, http:\/\/studio-animacao.net\/blogo\/wp-content\/uploads\/2017\/03\/artnum4.jpg 844w\" sizes=\"(max-width: 214px) 100vw, 214px\" \/><\/p>\n<p><strong>Atelier \u00ab\u00a0Klein\u00a0\u00bb :<\/strong> les enfants font un portrait photo de leur camarade puis, \u00e0 l&rsquo;aide du logiciel paint.net, le recouvre de bleu Klein et le pose sur un fond dor\u00e9&#8230;<\/p>\n<p>Une tr\u00e8s bonne apr\u00e8s-midi!<\/p>\n<p><img decoding=\"async\" loading=\"lazy\" class=\"alignleft wp-image-1048 size-medium\" src=\"http:\/\/studio-animacao.net\/blogo\/wp-content\/uploads\/2017\/03\/artnum1-300x210.jpg\" alt=\"artnum1\" width=\"300\" height=\"210\" srcset=\"http:\/\/studio-animacao.net\/blogo\/wp-content\/uploads\/2017\/03\/artnum1-300x210.jpg 300w, http:\/\/studio-animacao.net\/blogo\/wp-content\/uploads\/2017\/03\/artnum1-768x538.jpg 768w, http:\/\/studio-animacao.net\/blogo\/wp-content\/uploads\/2017\/03\/artnum1-1024x717.jpg 1024w, http:\/\/studio-animacao.net\/blogo\/wp-content\/uploads\/2017\/03\/artnum1.jpg 1181w\" sizes=\"(max-width: 300px) 100vw, 300px\" \/> <img decoding=\"async\" loading=\"lazy\" class=\"alignright wp-image-1049 size-medium\" src=\"http:\/\/studio-animacao.net\/blogo\/wp-content\/uploads\/2017\/03\/artnum3-300x177.jpg\" alt=\"artnum3\" width=\"300\" height=\"177\" srcset=\"http:\/\/studio-animacao.net\/blogo\/wp-content\/uploads\/2017\/03\/artnum3-300x177.jpg 300w, http:\/\/studio-animacao.net\/blogo\/wp-content\/uploads\/2017\/03\/artnum3-768x454.jpg 768w, http:\/\/studio-animacao.net\/blogo\/wp-content\/uploads\/2017\/03\/artnum3-1024x605.jpg 1024w, http:\/\/studio-animacao.net\/blogo\/wp-content\/uploads\/2017\/03\/artnum3.jpg 1181w\" sizes=\"(max-width: 300px) 100vw, 300px\" \/><\/p>\n<p>&nbsp;<\/p>\n","protected":false},"excerpt":{"rendered":"<p>De retour dans la classe de CE1 de l&rsquo;\u00e9cole Jules Ferry, pour discuter de l&rsquo;exposition vue au Mus\u00e9e des Abattoirs et cr\u00e9er avec les ordinateurs. Atelier \u00ab\u00a0Spoerri\u00a0\u00bb : \u00e0 partir de photos faites des oeuvres de Daniel Spoerri, d&rsquo;objets pris &hellip; <a href=\"http:\/\/studio-animacao.net\/blogo\/ateliers-numeriques-spoerri-et-klein\/\">Continuer la lecture <span class=\"meta-nav\">&rarr;<\/span><\/a><\/p>\n","protected":false},"author":1,"featured_media":1047,"comment_status":"open","ping_status":"open","sticky":false,"template":"","format":"standard","meta":[],"categories":[],"tags":[53,228,245,199,244],"yoast_head":"<!-- This site is optimized with the Yoast SEO plugin v20.9 - https:\/\/yoast.com\/wordpress\/plugins\/seo\/ -->\n<title>Ateliers num\u00e9riques : Spoerri et Klein - Le BLOGO d&#039;Anima\u00e7\u00e3o<\/title>\n<meta name=\"robots\" content=\"index, follow, max-snippet:-1, max-image-preview:large, max-video-preview:-1\" \/>\n<link rel=\"canonical\" href=\"http:\/\/studio-animacao.net\/blogo\/ateliers-numeriques-spoerri-et-klein\/\" \/>\n<meta property=\"og:locale\" content=\"fr_FR\" \/>\n<meta property=\"og:type\" content=\"article\" \/>\n<meta property=\"og:title\" content=\"Ateliers num\u00e9riques : Spoerri et Klein - Le BLOGO d&#039;Anima\u00e7\u00e3o\" \/>\n<meta property=\"og:description\" content=\"De retour dans la classe de CE1 de l&rsquo;\u00e9cole Jules Ferry, pour discuter de l&rsquo;exposition vue au Mus\u00e9e des Abattoirs et cr\u00e9er avec les ordinateurs. Atelier \u00ab\u00a0Spoerri\u00a0\u00bb : \u00e0 partir de photos faites des oeuvres de Daniel Spoerri, d&rsquo;objets pris &hellip; Continuer la lecture &rarr;\" \/>\n<meta property=\"og:url\" content=\"http:\/\/studio-animacao.net\/blogo\/ateliers-numeriques-spoerri-et-klein\/\" \/>\n<meta property=\"og:site_name\" content=\"Le BLOGO d&#039;Anima\u00e7\u00e3o\" \/>\n<meta property=\"article:publisher\" content=\"https:\/\/www.facebook.com\/associationAnimacao\" \/>\n<meta property=\"article:published_time\" content=\"2017-03-10T09:31:29+00:00\" \/>\n<meta property=\"og:image\" content=\"http:\/\/studio-animacao.net\/blogo\/wp-content\/uploads\/2017\/03\/artnum4.jpg\" \/>\n\t<meta property=\"og:image:width\" content=\"844\" \/>\n\t<meta property=\"og:image:height\" content=\"1181\" \/>\n\t<meta property=\"og:image:type\" content=\"image\/jpeg\" \/>\n<meta name=\"author\" content=\"admin\" \/>\n<meta name=\"twitter:card\" content=\"summary_large_image\" \/>\n<meta name=\"twitter:label1\" content=\"\u00c9crit par\" \/>\n\t<meta name=\"twitter:data1\" content=\"admin\" \/>\n\t<meta name=\"twitter:label2\" content=\"Dur\u00e9e de lecture estim\u00e9e\" \/>\n\t<meta name=\"twitter:data2\" content=\"1 minute\" \/>\n<script type=\"application\/ld+json\" class=\"yoast-schema-graph\">{\"@context\":\"https:\/\/schema.org\",\"@graph\":[{\"@type\":\"Article\",\"@id\":\"http:\/\/studio-animacao.net\/blogo\/ateliers-numeriques-spoerri-et-klein\/#article\",\"isPartOf\":{\"@id\":\"http:\/\/studio-animacao.net\/blogo\/ateliers-numeriques-spoerri-et-klein\/\"},\"author\":{\"name\":\"admin\",\"@id\":\"http:\/\/studio-animacao.net\/blogo\/#\/schema\/person\/d43605ef0d5681c1b27a4ba1fede1cf4\"},\"headline\":\"Ateliers num\u00e9riques : Spoerri et Klein\",\"datePublished\":\"2017-03-10T09:31:29+00:00\",\"dateModified\":\"2017-03-10T09:31:29+00:00\",\"mainEntityOfPage\":{\"@id\":\"http:\/\/studio-animacao.net\/blogo\/ateliers-numeriques-spoerri-et-klein\/\"},\"wordCount\":111,\"commentCount\":0,\"publisher\":{\"@id\":\"http:\/\/studio-animacao.net\/blogo\/#organization\"},\"keywords\":[\"art numeric\",\"\u00e9cole Jules Ferry\",\"Klein\",\"passeports pour l'Art\",\"Spoerri\"],\"inLanguage\":\"fr-FR\",\"potentialAction\":[{\"@type\":\"CommentAction\",\"name\":\"Comment\",\"target\":[\"http:\/\/studio-animacao.net\/blogo\/ateliers-numeriques-spoerri-et-klein\/#respond\"]}]},{\"@type\":\"WebPage\",\"@id\":\"http:\/\/studio-animacao.net\/blogo\/ateliers-numeriques-spoerri-et-klein\/\",\"url\":\"http:\/\/studio-animacao.net\/blogo\/ateliers-numeriques-spoerri-et-klein\/\",\"name\":\"Ateliers num\u00e9riques : Spoerri et Klein - Le BLOGO d&#039;Anima\u00e7\u00e3o\",\"isPartOf\":{\"@id\":\"http:\/\/studio-animacao.net\/blogo\/#website\"},\"datePublished\":\"2017-03-10T09:31:29+00:00\",\"dateModified\":\"2017-03-10T09:31:29+00:00\",\"breadcrumb\":{\"@id\":\"http:\/\/studio-animacao.net\/blogo\/ateliers-numeriques-spoerri-et-klein\/#breadcrumb\"},\"inLanguage\":\"fr-FR\",\"potentialAction\":[{\"@type\":\"ReadAction\",\"target\":[\"http:\/\/studio-animacao.net\/blogo\/ateliers-numeriques-spoerri-et-klein\/\"]}]},{\"@type\":\"BreadcrumbList\",\"@id\":\"http:\/\/studio-animacao.net\/blogo\/ateliers-numeriques-spoerri-et-klein\/#breadcrumb\",\"itemListElement\":[{\"@type\":\"ListItem\",\"position\":1,\"name\":\"Accueil\",\"item\":\"http:\/\/studio-animacao.net\/blogo\/\"},{\"@type\":\"ListItem\",\"position\":2,\"name\":\"Ateliers num\u00e9riques : Spoerri et Klein\"}]},{\"@type\":\"WebSite\",\"@id\":\"http:\/\/studio-animacao.net\/blogo\/#website\",\"url\":\"http:\/\/studio-animacao.net\/blogo\/\",\"name\":\"Le BLOGO d'Anima\u00e7\u00e3o\",\"description\":\"le BLOGO des marios (net ou pas)\",\"publisher\":{\"@id\":\"http:\/\/studio-animacao.net\/blogo\/#organization\"},\"potentialAction\":[{\"@type\":\"SearchAction\",\"target\":{\"@type\":\"EntryPoint\",\"urlTemplate\":\"http:\/\/studio-animacao.net\/blogo\/?s={search_term_string}\"},\"query-input\":\"required name=search_term_string\"}],\"inLanguage\":\"fr-FR\"},{\"@type\":\"Organization\",\"@id\":\"http:\/\/studio-animacao.net\/blogo\/#organization\",\"name\":\"Le BLOGO d'Anima\u00e7\u00e3o\",\"url\":\"http:\/\/studio-animacao.net\/blogo\/\",\"logo\":{\"@type\":\"ImageObject\",\"inLanguage\":\"fr-FR\",\"@id\":\"http:\/\/studio-animacao.net\/blogo\/#\/schema\/logo\/image\/\",\"url\":\"http:\/\/studio-animacao.net\/blogo\/wp-content\/uploads\/2023\/06\/Animlogo.jpg\",\"contentUrl\":\"http:\/\/studio-animacao.net\/blogo\/wp-content\/uploads\/2023\/06\/Animlogo.jpg\",\"width\":400,\"height\":227,\"caption\":\"Le BLOGO d'Anima\u00e7\u00e3o\"},\"image\":{\"@id\":\"http:\/\/studio-animacao.net\/blogo\/#\/schema\/logo\/image\/\"},\"sameAs\":[\"https:\/\/www.facebook.com\/associationAnimacao\",\"https:\/\/www.instagram.com\/associationanimacao\/\"]},{\"@type\":\"Person\",\"@id\":\"http:\/\/studio-animacao.net\/blogo\/#\/schema\/person\/d43605ef0d5681c1b27a4ba1fede1cf4\",\"name\":\"admin\",\"image\":{\"@type\":\"ImageObject\",\"inLanguage\":\"fr-FR\",\"@id\":\"http:\/\/studio-animacao.net\/blogo\/#\/schema\/person\/image\/\",\"url\":\"http:\/\/2.gravatar.com\/avatar\/ecf3aaaf6b5e78c58493c9d6029e0fa2?s=96&d=mm&r=g\",\"contentUrl\":\"http:\/\/2.gravatar.com\/avatar\/ecf3aaaf6b5e78c58493c9d6029e0fa2?s=96&d=mm&r=g\",\"caption\":\"admin\"},\"url\":\"http:\/\/studio-animacao.net\/blogo\/author\/admin\/\"}]}<\/script>\n<!-- \/ Yoast SEO plugin. -->","yoast_head_json":{"title":"Ateliers num\u00e9riques : Spoerri et Klein - Le BLOGO d&#039;Anima\u00e7\u00e3o","robots":{"index":"index","follow":"follow","max-snippet":"max-snippet:-1","max-image-preview":"max-image-preview:large","max-video-preview":"max-video-preview:-1"},"canonical":"http:\/\/studio-animacao.net\/blogo\/ateliers-numeriques-spoerri-et-klein\/","og_locale":"fr_FR","og_type":"article","og_title":"Ateliers num\u00e9riques : Spoerri et Klein - Le BLOGO d&#039;Anima\u00e7\u00e3o","og_description":"De retour dans la classe de CE1 de l&rsquo;\u00e9cole Jules Ferry, pour discuter de l&rsquo;exposition vue au Mus\u00e9e des Abattoirs et cr\u00e9er avec les ordinateurs. Atelier \u00ab\u00a0Spoerri\u00a0\u00bb : \u00e0 partir de photos faites des oeuvres de Daniel Spoerri, d&rsquo;objets pris &hellip; Continuer la lecture &rarr;","og_url":"http:\/\/studio-animacao.net\/blogo\/ateliers-numeriques-spoerri-et-klein\/","og_site_name":"Le BLOGO d&#039;Anima\u00e7\u00e3o","article_publisher":"https:\/\/www.facebook.com\/associationAnimacao","article_published_time":"2017-03-10T09:31:29+00:00","og_image":[{"width":844,"height":1181,"url":"http:\/\/studio-animacao.net\/blogo\/wp-content\/uploads\/2017\/03\/artnum4.jpg","type":"image\/jpeg"}],"author":"admin","twitter_card":"summary_large_image","twitter_misc":{"\u00c9crit par":"admin","Dur\u00e9e de lecture estim\u00e9e":"1 minute"},"schema":{"@context":"https:\/\/schema.org","@graph":[{"@type":"Article","@id":"http:\/\/studio-animacao.net\/blogo\/ateliers-numeriques-spoerri-et-klein\/#article","isPartOf":{"@id":"http:\/\/studio-animacao.net\/blogo\/ateliers-numeriques-spoerri-et-klein\/"},"author":{"name":"admin","@id":"http:\/\/studio-animacao.net\/blogo\/#\/schema\/person\/d43605ef0d5681c1b27a4ba1fede1cf4"},"headline":"Ateliers num\u00e9riques : Spoerri et Klein","datePublished":"2017-03-10T09:31:29+00:00","dateModified":"2017-03-10T09:31:29+00:00","mainEntityOfPage":{"@id":"http:\/\/studio-animacao.net\/blogo\/ateliers-numeriques-spoerri-et-klein\/"},"wordCount":111,"commentCount":0,"publisher":{"@id":"http:\/\/studio-animacao.net\/blogo\/#organization"},"keywords":["art numeric","\u00e9cole Jules Ferry","Klein","passeports pour l'Art","Spoerri"],"inLanguage":"fr-FR","potentialAction":[{"@type":"CommentAction","name":"Comment","target":["http:\/\/studio-animacao.net\/blogo\/ateliers-numeriques-spoerri-et-klein\/#respond"]}]},{"@type":"WebPage","@id":"http:\/\/studio-animacao.net\/blogo\/ateliers-numeriques-spoerri-et-klein\/","url":"http:\/\/studio-animacao.net\/blogo\/ateliers-numeriques-spoerri-et-klein\/","name":"Ateliers num\u00e9riques : Spoerri et Klein - Le BLOGO d&#039;Anima\u00e7\u00e3o","isPartOf":{"@id":"http:\/\/studio-animacao.net\/blogo\/#website"},"datePublished":"2017-03-10T09:31:29+00:00","dateModified":"2017-03-10T09:31:29+00:00","breadcrumb":{"@id":"http:\/\/studio-animacao.net\/blogo\/ateliers-numeriques-spoerri-et-klein\/#breadcrumb"},"inLanguage":"fr-FR","potentialAction":[{"@type":"ReadAction","target":["http:\/\/studio-animacao.net\/blogo\/ateliers-numeriques-spoerri-et-klein\/"]}]},{"@type":"BreadcrumbList","@id":"http:\/\/studio-animacao.net\/blogo\/ateliers-numeriques-spoerri-et-klein\/#breadcrumb","itemListElement":[{"@type":"ListItem","position":1,"name":"Accueil","item":"http:\/\/studio-animacao.net\/blogo\/"},{"@type":"ListItem","position":2,"name":"Ateliers num\u00e9riques : Spoerri et Klein"}]},{"@type":"WebSite","@id":"http:\/\/studio-animacao.net\/blogo\/#website","url":"http:\/\/studio-animacao.net\/blogo\/","name":"Le BLOGO d'Anima\u00e7\u00e3o","description":"le BLOGO des marios (net ou pas)","publisher":{"@id":"http:\/\/studio-animacao.net\/blogo\/#organization"},"potentialAction":[{"@type":"SearchAction","target":{"@type":"EntryPoint","urlTemplate":"http:\/\/studio-animacao.net\/blogo\/?s={search_term_string}"},"query-input":"required name=search_term_string"}],"inLanguage":"fr-FR"},{"@type":"Organization","@id":"http:\/\/studio-animacao.net\/blogo\/#organization","name":"Le BLOGO d'Anima\u00e7\u00e3o","url":"http:\/\/studio-animacao.net\/blogo\/","logo":{"@type":"ImageObject","inLanguage":"fr-FR","@id":"http:\/\/studio-animacao.net\/blogo\/#\/schema\/logo\/image\/","url":"http:\/\/studio-animacao.net\/blogo\/wp-content\/uploads\/2023\/06\/Animlogo.jpg","contentUrl":"http:\/\/studio-animacao.net\/blogo\/wp-content\/uploads\/2023\/06\/Animlogo.jpg","width":400,"height":227,"caption":"Le BLOGO d'Anima\u00e7\u00e3o"},"image":{"@id":"http:\/\/studio-animacao.net\/blogo\/#\/schema\/logo\/image\/"},"sameAs":["https:\/\/www.facebook.com\/associationAnimacao","https:\/\/www.instagram.com\/associationanimacao\/"]},{"@type":"Person","@id":"http:\/\/studio-animacao.net\/blogo\/#\/schema\/person\/d43605ef0d5681c1b27a4ba1fede1cf4","name":"admin","image":{"@type":"ImageObject","inLanguage":"fr-FR","@id":"http:\/\/studio-animacao.net\/blogo\/#\/schema\/person\/image\/","url":"http:\/\/2.gravatar.com\/avatar\/ecf3aaaf6b5e78c58493c9d6029e0fa2?s=96&d=mm&r=g","contentUrl":"http:\/\/2.gravatar.com\/avatar\/ecf3aaaf6b5e78c58493c9d6029e0fa2?s=96&d=mm&r=g","caption":"admin"},"url":"http:\/\/studio-animacao.net\/blogo\/author\/admin\/"}]}},"_links":{"self":[{"href":"http:\/\/studio-animacao.net\/blogo\/wp-json\/wp\/v2\/posts\/1045"}],"collection":[{"href":"http:\/\/studio-animacao.net\/blogo\/wp-json\/wp\/v2\/posts"}],"about":[{"href":"http:\/\/studio-animacao.net\/blogo\/wp-json\/wp\/v2\/types\/post"}],"author":[{"embeddable":true,"href":"http:\/\/studio-animacao.net\/blogo\/wp-json\/wp\/v2\/users\/1"}],"replies":[{"embeddable":true,"href":"http:\/\/studio-animacao.net\/blogo\/wp-json\/wp\/v2\/comments?post=1045"}],"version-history":[{"count":1,"href":"http:\/\/studio-animacao.net\/blogo\/wp-json\/wp\/v2\/posts\/1045\/revisions"}],"predecessor-version":[{"id":1050,"href":"http:\/\/studio-animacao.net\/blogo\/wp-json\/wp\/v2\/posts\/1045\/revisions\/1050"}],"wp:featuredmedia":[{"embeddable":true,"href":"http:\/\/studio-animacao.net\/blogo\/wp-json\/wp\/v2\/media\/1047"}],"wp:attachment":[{"href":"http:\/\/studio-animacao.net\/blogo\/wp-json\/wp\/v2\/media?parent=1045"}],"wp:term":[{"taxonomy":"category","embeddable":true,"href":"http:\/\/studio-animacao.net\/blogo\/wp-json\/wp\/v2\/categories?post=1045"},{"taxonomy":"post_tag","embeddable":true,"href":"http:\/\/studio-animacao.net\/blogo\/wp-json\/wp\/v2\/tags?post=1045"}],"curies":[{"name":"wp","href":"https:\/\/api.w.org\/{rel}","templated":true}]}}