{"id":1177,"date":"2017-07-02T12:26:08","date_gmt":"2017-07-02T10:26:08","guid":{"rendered":"http:\/\/studio-animacao.net\/blogo\/?p=1177"},"modified":"2017-07-02T12:26:08","modified_gmt":"2017-07-02T10:26:08","slug":"quelles-emotions-au-final","status":"publish","type":"post","link":"http:\/\/studio-animacao.net\/blogo\/quelles-emotions-au-final\/","title":{"rendered":"Quelles \u00e9motions, au final!!!"},"content":{"rendered":"<p>Nous avons particip\u00e9 \u00e0 la <strong>restitution<\/strong> qui a \u00e9t\u00e9 faite du projet<strong> \u00ab\u00a0Quelles \u00e9motions!\u00a0\u00bb<\/strong>, \u00e0 l&rsquo;\u00e9cole Jean Galia lors du <strong>Mus\u00e9e Jean Galia le 30 juin dernier<\/strong>.<\/p>\n<p><img decoding=\"async\" loading=\"lazy\" class=\"alignleft wp-image-1179 size-medium\" src=\"http:\/\/studio-animacao.net\/blogo\/wp-content\/uploads\/2017\/07\/expogalia7-300x225.jpg\" alt=\"expogalia7\" width=\"300\" height=\"225\" srcset=\"http:\/\/studio-animacao.net\/blogo\/wp-content\/uploads\/2017\/07\/expogalia7-300x225.jpg 300w, http:\/\/studio-animacao.net\/blogo\/wp-content\/uploads\/2017\/07\/expogalia7-768x576.jpg 768w, http:\/\/studio-animacao.net\/blogo\/wp-content\/uploads\/2017\/07\/expogalia7-1024x768.jpg 1024w, http:\/\/studio-animacao.net\/blogo\/wp-content\/uploads\/2017\/07\/expogalia7.jpg 1181w\" sizes=\"(max-width: 300px) 100vw, 300px\" \/><\/p>\n<p>&nbsp;<\/p>\n<p>Les \u00e9l\u00e8ves et les enseignantes avaient r\u00e9alis\u00e9 une <strong>exposition<\/strong> qui pr\u00e9sentait toutes les \u00e9tapes du projet.<\/p>\n<p>&nbsp;<\/p>\n<p>&nbsp;<\/p>\n<p style=\"text-align: center;\"><img decoding=\"async\" loading=\"lazy\" class=\"aligncenter size-large wp-image-1186\" src=\"http:\/\/studio-animacao.net\/blogo\/wp-content\/uploads\/2017\/07\/expogalia13-1024x448.jpg\" alt=\"expogalia13\" width=\"640\" height=\"280\" srcset=\"http:\/\/studio-animacao.net\/blogo\/wp-content\/uploads\/2017\/07\/expogalia13-1024x448.jpg 1024w, http:\/\/studio-animacao.net\/blogo\/wp-content\/uploads\/2017\/07\/expogalia13-300x131.jpg 300w, http:\/\/studio-animacao.net\/blogo\/wp-content\/uploads\/2017\/07\/expogalia13-768x336.jpg 768w, http:\/\/studio-animacao.net\/blogo\/wp-content\/uploads\/2017\/07\/expogalia13.jpg 1299w\" sizes=\"(max-width: 640px) 100vw, 640px\" \/><\/p>\n<p><img decoding=\"async\" loading=\"lazy\" class=\"alignleft wp-image-1180 size-medium\" src=\"http:\/\/studio-animacao.net\/blogo\/wp-content\/uploads\/2017\/07\/expogalia8-300x254.jpg\" alt=\"expogalia8\" width=\"300\" height=\"254\" srcset=\"http:\/\/studio-animacao.net\/blogo\/wp-content\/uploads\/2017\/07\/expogalia8-300x254.jpg 300w, http:\/\/studio-animacao.net\/blogo\/wp-content\/uploads\/2017\/07\/expogalia8-768x650.jpg 768w, http:\/\/studio-animacao.net\/blogo\/wp-content\/uploads\/2017\/07\/expogalia8-1024x866.jpg 1024w, http:\/\/studio-animacao.net\/blogo\/wp-content\/uploads\/2017\/07\/expogalia8.jpg 1181w\" sizes=\"(max-width: 300px) 100vw, 300px\" \/> <img decoding=\"async\" loading=\"lazy\" class=\"alignright wp-image-1181 size-medium\" src=\"http:\/\/studio-animacao.net\/blogo\/wp-content\/uploads\/2017\/07\/expogalia11-300x235.jpg\" alt=\"expogalia11\" width=\"300\" height=\"235\" srcset=\"http:\/\/studio-animacao.net\/blogo\/wp-content\/uploads\/2017\/07\/expogalia11-300x235.jpg 300w, http:\/\/studio-animacao.net\/blogo\/wp-content\/uploads\/2017\/07\/expogalia11-768x601.jpg 768w, http:\/\/studio-animacao.net\/blogo\/wp-content\/uploads\/2017\/07\/expogalia11-1024x801.jpg 1024w, http:\/\/studio-animacao.net\/blogo\/wp-content\/uploads\/2017\/07\/expogalia11.jpg 1181w\" sizes=\"(max-width: 300px) 100vw, 300px\" \/><\/p>\n<p>&nbsp;<\/p>\n<p>&nbsp;<\/p>\n<p>ainsi que des documents qui \u00e9voquaient les <strong>diff\u00e9rentes \u00e9motions<\/strong>&#8230;<\/p>\n<p><img decoding=\"async\" loading=\"lazy\" class=\"aligncenter wp-image-1182 size-medium\" src=\"http:\/\/studio-animacao.net\/blogo\/wp-content\/uploads\/2017\/07\/expogalia15-300x196.jpg\" alt=\"expogalia15\" width=\"300\" height=\"196\" srcset=\"http:\/\/studio-animacao.net\/blogo\/wp-content\/uploads\/2017\/07\/expogalia15-300x196.jpg 300w, http:\/\/studio-animacao.net\/blogo\/wp-content\/uploads\/2017\/07\/expogalia15-768x502.jpg 768w, http:\/\/studio-animacao.net\/blogo\/wp-content\/uploads\/2017\/07\/expogalia15-1024x669.jpg 1024w, http:\/\/studio-animacao.net\/blogo\/wp-content\/uploads\/2017\/07\/expogalia15.jpg 1181w\" sizes=\"(max-width: 300px) 100vw, 300px\" \/><\/p>\n<p><strong>Les films \u00e9taient \u00e9galement projet\u00e9s<\/strong> aux parents qui \u00e9taient venus nombreux au Mus\u00e9e.<\/p>\n<p><img decoding=\"async\" loading=\"lazy\" class=\"aligncenter wp-image-1183 size-medium\" src=\"http:\/\/studio-animacao.net\/blogo\/wp-content\/uploads\/2017\/07\/expogalia-300x224.jpg\" alt=\"expogalia\" width=\"300\" height=\"224\" srcset=\"http:\/\/studio-animacao.net\/blogo\/wp-content\/uploads\/2017\/07\/expogalia-300x224.jpg 300w, http:\/\/studio-animacao.net\/blogo\/wp-content\/uploads\/2017\/07\/expogalia-768x574.jpg 768w, http:\/\/studio-animacao.net\/blogo\/wp-content\/uploads\/2017\/07\/expogalia-1024x765.jpg 1024w, http:\/\/studio-animacao.net\/blogo\/wp-content\/uploads\/2017\/07\/expogalia.jpg 1181w\" sizes=\"(max-width: 300px) 100vw, 300px\" \/><\/p>\n<p style=\"text-align: center;\">Une tr\u00e8s bonne ambiance et de nombreux t\u00e9moignages de parents et d&rsquo;enfants qui avaient particip\u00e9 au projet. <strong>Bravo aux CE1\/CE2 de Jean Galia!<\/strong><\/p>\n<p style=\"text-align: center;\"><img decoding=\"async\" loading=\"lazy\" class=\"aligncenter wp-image-1184 size-medium\" src=\"http:\/\/studio-animacao.net\/blogo\/wp-content\/uploads\/2017\/07\/boubajahco-300x203.jpg\" alt=\"boubajahco\" width=\"300\" height=\"203\" srcset=\"http:\/\/studio-animacao.net\/blogo\/wp-content\/uploads\/2017\/07\/boubajahco-300x203.jpg 300w, http:\/\/studio-animacao.net\/blogo\/wp-content\/uploads\/2017\/07\/boubajahco-768x519.jpg 768w, http:\/\/studio-animacao.net\/blogo\/wp-content\/uploads\/2017\/07\/boubajahco-1024x691.jpg 1024w, http:\/\/studio-animacao.net\/blogo\/wp-content\/uploads\/2017\/07\/boubajahco.jpg 1084w\" sizes=\"(max-width: 300px) 100vw, 300px\" \/> <img decoding=\"async\" loading=\"lazy\" class=\"aligncenter wp-image-1185 size-medium\" src=\"http:\/\/studio-animacao.net\/blogo\/wp-content\/uploads\/2017\/07\/dessinani-195x300.jpg\" alt=\"dessinani\" width=\"195\" height=\"300\" srcset=\"http:\/\/studio-animacao.net\/blogo\/wp-content\/uploads\/2017\/07\/dessinani-195x300.jpg 195w, http:\/\/studio-animacao.net\/blogo\/wp-content\/uploads\/2017\/07\/dessinani-768x1180.jpg 768w, http:\/\/studio-animacao.net\/blogo\/wp-content\/uploads\/2017\/07\/dessinani-667x1024.jpg 667w, http:\/\/studio-animacao.net\/blogo\/wp-content\/uploads\/2017\/07\/dessinani.jpg 826w\" sizes=\"(max-width: 195px) 100vw, 195px\" \/>\u00a0 <img decoding=\"async\" loading=\"lazy\" class=\"aligncenter size-large wp-image-1187\" src=\"http:\/\/studio-animacao.net\/blogo\/wp-content\/uploads\/2017\/07\/leila.jpg\" alt=\"leila\" width=\"640\" height=\"314\" srcset=\"http:\/\/studio-animacao.net\/blogo\/wp-content\/uploads\/2017\/07\/leila.jpg 839w, http:\/\/studio-animacao.net\/blogo\/wp-content\/uploads\/2017\/07\/leila-300x147.jpg 300w, http:\/\/studio-animacao.net\/blogo\/wp-content\/uploads\/2017\/07\/leila-768x376.jpg 768w\" sizes=\"(max-width: 640px) 100vw, 640px\" \/><\/p>\n<p style=\"text-align: center;\">\n","protected":false},"excerpt":{"rendered":"<p>Nous avons particip\u00e9 \u00e0 la restitution qui a \u00e9t\u00e9 faite du projet \u00ab\u00a0Quelles \u00e9motions!\u00a0\u00bb, \u00e0 l&rsquo;\u00e9cole Jean Galia lors du Mus\u00e9e Jean Galia le 30 juin dernier. &nbsp; Les \u00e9l\u00e8ves et les enseignantes avaient r\u00e9alis\u00e9 une exposition qui pr\u00e9sentait toutes &hellip; <a href=\"http:\/\/studio-animacao.net\/blogo\/quelles-emotions-au-final\/\">Continuer la lecture <span class=\"meta-nav\">&rarr;<\/span><\/a><\/p>\n","protected":false},"author":1,"featured_media":0,"comment_status":"open","ping_status":"open","sticky":false,"template":"","format":"standard","meta":[],"categories":[],"tags":[250,252,210,276,237,277],"yoast_head":"<!-- This site is optimized with the Yoast SEO plugin v20.9 - https:\/\/yoast.com\/wordpress\/plugins\/seo\/ -->\n<title>Quelles \u00e9motions, au final!!! - Le BLOGO d&#039;Anima\u00e7\u00e3o<\/title>\n<meta name=\"robots\" content=\"index, follow, max-snippet:-1, max-image-preview:large, max-video-preview:-1\" \/>\n<link rel=\"canonical\" href=\"https:\/\/studio-animacao.net\/blogo\/quelles-emotions-au-final\/\" \/>\n<meta property=\"og:locale\" content=\"fr_FR\" \/>\n<meta property=\"og:type\" content=\"article\" \/>\n<meta property=\"og:title\" content=\"Quelles \u00e9motions, au final!!! - Le BLOGO d&#039;Anima\u00e7\u00e3o\" \/>\n<meta property=\"og:description\" content=\"Nous avons particip\u00e9 \u00e0 la restitution qui a \u00e9t\u00e9 faite du projet \u00ab\u00a0Quelles \u00e9motions!\u00a0\u00bb, \u00e0 l&rsquo;\u00e9cole Jean Galia lors du Mus\u00e9e Jean Galia le 30 juin dernier. &nbsp; Les \u00e9l\u00e8ves et les enseignantes avaient r\u00e9alis\u00e9 une exposition qui pr\u00e9sentait toutes &hellip; Continuer la lecture &rarr;\" \/>\n<meta property=\"og:url\" content=\"https:\/\/studio-animacao.net\/blogo\/quelles-emotions-au-final\/\" \/>\n<meta property=\"og:site_name\" content=\"Le BLOGO d&#039;Anima\u00e7\u00e3o\" \/>\n<meta property=\"article:publisher\" content=\"https:\/\/www.facebook.com\/associationAnimacao\" \/>\n<meta property=\"article:published_time\" content=\"2017-07-02T10:26:08+00:00\" \/>\n<meta property=\"og:image\" content=\"http:\/\/studio-animacao.net\/blogo\/wp-content\/uploads\/2017\/07\/expogalia7-300x225.jpg\" \/>\n<meta name=\"author\" content=\"admin\" \/>\n<meta name=\"twitter:card\" content=\"summary_large_image\" \/>\n<meta name=\"twitter:label1\" content=\"\u00c9crit par\" \/>\n\t<meta name=\"twitter:data1\" content=\"admin\" \/>\n\t<meta name=\"twitter:label2\" content=\"Dur\u00e9e de lecture estim\u00e9e\" \/>\n\t<meta name=\"twitter:data2\" content=\"1 minute\" \/>\n<script type=\"application\/ld+json\" class=\"yoast-schema-graph\">{\"@context\":\"https:\/\/schema.org\",\"@graph\":[{\"@type\":\"Article\",\"@id\":\"https:\/\/studio-animacao.net\/blogo\/quelles-emotions-au-final\/#article\",\"isPartOf\":{\"@id\":\"https:\/\/studio-animacao.net\/blogo\/quelles-emotions-au-final\/\"},\"author\":{\"name\":\"admin\",\"@id\":\"http:\/\/studio-animacao.net\/blogo\/#\/schema\/person\/d43605ef0d5681c1b27a4ba1fede1cf4\"},\"headline\":\"Quelles \u00e9motions, au final!!!\",\"datePublished\":\"2017-07-02T10:26:08+00:00\",\"dateModified\":\"2017-07-02T10:26:08+00:00\",\"mainEntityOfPage\":{\"@id\":\"https:\/\/studio-animacao.net\/blogo\/quelles-emotions-au-final\/\"},\"wordCount\":105,\"commentCount\":0,\"publisher\":{\"@id\":\"http:\/\/studio-animacao.net\/blogo\/#organization\"},\"keywords\":[\"\u00e9cole Jean Galia\",\"emotions\",\"Exposition\",\"Mus\u00e9e Jean Galia\",\"quelles \u00e9motions!\",\"t\u00e9moignages\"],\"inLanguage\":\"fr-FR\",\"potentialAction\":[{\"@type\":\"CommentAction\",\"name\":\"Comment\",\"target\":[\"https:\/\/studio-animacao.net\/blogo\/quelles-emotions-au-final\/#respond\"]}]},{\"@type\":\"WebPage\",\"@id\":\"https:\/\/studio-animacao.net\/blogo\/quelles-emotions-au-final\/\",\"url\":\"https:\/\/studio-animacao.net\/blogo\/quelles-emotions-au-final\/\",\"name\":\"Quelles \u00e9motions, au final!!! - Le BLOGO d&#039;Anima\u00e7\u00e3o\",\"isPartOf\":{\"@id\":\"http:\/\/studio-animacao.net\/blogo\/#website\"},\"datePublished\":\"2017-07-02T10:26:08+00:00\",\"dateModified\":\"2017-07-02T10:26:08+00:00\",\"breadcrumb\":{\"@id\":\"https:\/\/studio-animacao.net\/blogo\/quelles-emotions-au-final\/#breadcrumb\"},\"inLanguage\":\"fr-FR\",\"potentialAction\":[{\"@type\":\"ReadAction\",\"target\":[\"https:\/\/studio-animacao.net\/blogo\/quelles-emotions-au-final\/\"]}]},{\"@type\":\"BreadcrumbList\",\"@id\":\"https:\/\/studio-animacao.net\/blogo\/quelles-emotions-au-final\/#breadcrumb\",\"itemListElement\":[{\"@type\":\"ListItem\",\"position\":1,\"name\":\"Accueil\",\"item\":\"http:\/\/studio-animacao.net\/blogo\/\"},{\"@type\":\"ListItem\",\"position\":2,\"name\":\"Quelles \u00e9motions, au final!!!\"}]},{\"@type\":\"WebSite\",\"@id\":\"http:\/\/studio-animacao.net\/blogo\/#website\",\"url\":\"http:\/\/studio-animacao.net\/blogo\/\",\"name\":\"Le BLOGO d'Anima\u00e7\u00e3o\",\"description\":\"le BLOGO des marios (net ou pas)\",\"publisher\":{\"@id\":\"http:\/\/studio-animacao.net\/blogo\/#organization\"},\"potentialAction\":[{\"@type\":\"SearchAction\",\"target\":{\"@type\":\"EntryPoint\",\"urlTemplate\":\"http:\/\/studio-animacao.net\/blogo\/?s={search_term_string}\"},\"query-input\":\"required name=search_term_string\"}],\"inLanguage\":\"fr-FR\"},{\"@type\":\"Organization\",\"@id\":\"http:\/\/studio-animacao.net\/blogo\/#organization\",\"name\":\"Le BLOGO d'Anima\u00e7\u00e3o\",\"url\":\"http:\/\/studio-animacao.net\/blogo\/\",\"logo\":{\"@type\":\"ImageObject\",\"inLanguage\":\"fr-FR\",\"@id\":\"http:\/\/studio-animacao.net\/blogo\/#\/schema\/logo\/image\/\",\"url\":\"http:\/\/studio-animacao.net\/blogo\/wp-content\/uploads\/2023\/06\/Animlogo.jpg\",\"contentUrl\":\"http:\/\/studio-animacao.net\/blogo\/wp-content\/uploads\/2023\/06\/Animlogo.jpg\",\"width\":400,\"height\":227,\"caption\":\"Le BLOGO d'Anima\u00e7\u00e3o\"},\"image\":{\"@id\":\"http:\/\/studio-animacao.net\/blogo\/#\/schema\/logo\/image\/\"},\"sameAs\":[\"https:\/\/www.facebook.com\/associationAnimacao\",\"https:\/\/www.instagram.com\/associationanimacao\/\"]},{\"@type\":\"Person\",\"@id\":\"http:\/\/studio-animacao.net\/blogo\/#\/schema\/person\/d43605ef0d5681c1b27a4ba1fede1cf4\",\"name\":\"admin\",\"image\":{\"@type\":\"ImageObject\",\"inLanguage\":\"fr-FR\",\"@id\":\"http:\/\/studio-animacao.net\/blogo\/#\/schema\/person\/image\/\",\"url\":\"http:\/\/2.gravatar.com\/avatar\/ecf3aaaf6b5e78c58493c9d6029e0fa2?s=96&d=mm&r=g\",\"contentUrl\":\"http:\/\/2.gravatar.com\/avatar\/ecf3aaaf6b5e78c58493c9d6029e0fa2?s=96&d=mm&r=g\",\"caption\":\"admin\"},\"url\":\"http:\/\/studio-animacao.net\/blogo\/author\/admin\/\"}]}<\/script>\n<!-- \/ Yoast SEO plugin. -->","yoast_head_json":{"title":"Quelles \u00e9motions, au final!!! - Le BLOGO d&#039;Anima\u00e7\u00e3o","robots":{"index":"index","follow":"follow","max-snippet":"max-snippet:-1","max-image-preview":"max-image-preview:large","max-video-preview":"max-video-preview:-1"},"canonical":"https:\/\/studio-animacao.net\/blogo\/quelles-emotions-au-final\/","og_locale":"fr_FR","og_type":"article","og_title":"Quelles \u00e9motions, au final!!! - Le BLOGO d&#039;Anima\u00e7\u00e3o","og_description":"Nous avons particip\u00e9 \u00e0 la restitution qui a \u00e9t\u00e9 faite du projet \u00ab\u00a0Quelles \u00e9motions!\u00a0\u00bb, \u00e0 l&rsquo;\u00e9cole Jean Galia lors du Mus\u00e9e Jean Galia le 30 juin dernier. &nbsp; Les \u00e9l\u00e8ves et les enseignantes avaient r\u00e9alis\u00e9 une exposition qui pr\u00e9sentait toutes &hellip; Continuer la lecture &rarr;","og_url":"https:\/\/studio-animacao.net\/blogo\/quelles-emotions-au-final\/","og_site_name":"Le BLOGO d&#039;Anima\u00e7\u00e3o","article_publisher":"https:\/\/www.facebook.com\/associationAnimacao","article_published_time":"2017-07-02T10:26:08+00:00","og_image":[{"url":"http:\/\/studio-animacao.net\/blogo\/wp-content\/uploads\/2017\/07\/expogalia7-300x225.jpg"}],"author":"admin","twitter_card":"summary_large_image","twitter_misc":{"\u00c9crit par":"admin","Dur\u00e9e de lecture estim\u00e9e":"1 minute"},"schema":{"@context":"https:\/\/schema.org","@graph":[{"@type":"Article","@id":"https:\/\/studio-animacao.net\/blogo\/quelles-emotions-au-final\/#article","isPartOf":{"@id":"https:\/\/studio-animacao.net\/blogo\/quelles-emotions-au-final\/"},"author":{"name":"admin","@id":"http:\/\/studio-animacao.net\/blogo\/#\/schema\/person\/d43605ef0d5681c1b27a4ba1fede1cf4"},"headline":"Quelles \u00e9motions, au final!!!","datePublished":"2017-07-02T10:26:08+00:00","dateModified":"2017-07-02T10:26:08+00:00","mainEntityOfPage":{"@id":"https:\/\/studio-animacao.net\/blogo\/quelles-emotions-au-final\/"},"wordCount":105,"commentCount":0,"publisher":{"@id":"http:\/\/studio-animacao.net\/blogo\/#organization"},"keywords":["\u00e9cole Jean Galia","emotions","Exposition","Mus\u00e9e Jean Galia","quelles \u00e9motions!","t\u00e9moignages"],"inLanguage":"fr-FR","potentialAction":[{"@type":"CommentAction","name":"Comment","target":["https:\/\/studio-animacao.net\/blogo\/quelles-emotions-au-final\/#respond"]}]},{"@type":"WebPage","@id":"https:\/\/studio-animacao.net\/blogo\/quelles-emotions-au-final\/","url":"https:\/\/studio-animacao.net\/blogo\/quelles-emotions-au-final\/","name":"Quelles \u00e9motions, au final!!! - Le BLOGO d&#039;Anima\u00e7\u00e3o","isPartOf":{"@id":"http:\/\/studio-animacao.net\/blogo\/#website"},"datePublished":"2017-07-02T10:26:08+00:00","dateModified":"2017-07-02T10:26:08+00:00","breadcrumb":{"@id":"https:\/\/studio-animacao.net\/blogo\/quelles-emotions-au-final\/#breadcrumb"},"inLanguage":"fr-FR","potentialAction":[{"@type":"ReadAction","target":["https:\/\/studio-animacao.net\/blogo\/quelles-emotions-au-final\/"]}]},{"@type":"BreadcrumbList","@id":"https:\/\/studio-animacao.net\/blogo\/quelles-emotions-au-final\/#breadcrumb","itemListElement":[{"@type":"ListItem","position":1,"name":"Accueil","item":"http:\/\/studio-animacao.net\/blogo\/"},{"@type":"ListItem","position":2,"name":"Quelles \u00e9motions, au final!!!"}]},{"@type":"WebSite","@id":"http:\/\/studio-animacao.net\/blogo\/#website","url":"http:\/\/studio-animacao.net\/blogo\/","name":"Le BLOGO d'Anima\u00e7\u00e3o","description":"le BLOGO des marios (net ou pas)","publisher":{"@id":"http:\/\/studio-animacao.net\/blogo\/#organization"},"potentialAction":[{"@type":"SearchAction","target":{"@type":"EntryPoint","urlTemplate":"http:\/\/studio-animacao.net\/blogo\/?s={search_term_string}"},"query-input":"required name=search_term_string"}],"inLanguage":"fr-FR"},{"@type":"Organization","@id":"http:\/\/studio-animacao.net\/blogo\/#organization","name":"Le BLOGO d'Anima\u00e7\u00e3o","url":"http:\/\/studio-animacao.net\/blogo\/","logo":{"@type":"ImageObject","inLanguage":"fr-FR","@id":"http:\/\/studio-animacao.net\/blogo\/#\/schema\/logo\/image\/","url":"http:\/\/studio-animacao.net\/blogo\/wp-content\/uploads\/2023\/06\/Animlogo.jpg","contentUrl":"http:\/\/studio-animacao.net\/blogo\/wp-content\/uploads\/2023\/06\/Animlogo.jpg","width":400,"height":227,"caption":"Le BLOGO d'Anima\u00e7\u00e3o"},"image":{"@id":"http:\/\/studio-animacao.net\/blogo\/#\/schema\/logo\/image\/"},"sameAs":["https:\/\/www.facebook.com\/associationAnimacao","https:\/\/www.instagram.com\/associationanimacao\/"]},{"@type":"Person","@id":"http:\/\/studio-animacao.net\/blogo\/#\/schema\/person\/d43605ef0d5681c1b27a4ba1fede1cf4","name":"admin","image":{"@type":"ImageObject","inLanguage":"fr-FR","@id":"http:\/\/studio-animacao.net\/blogo\/#\/schema\/person\/image\/","url":"http:\/\/2.gravatar.com\/avatar\/ecf3aaaf6b5e78c58493c9d6029e0fa2?s=96&d=mm&r=g","contentUrl":"http:\/\/2.gravatar.com\/avatar\/ecf3aaaf6b5e78c58493c9d6029e0fa2?s=96&d=mm&r=g","caption":"admin"},"url":"http:\/\/studio-animacao.net\/blogo\/author\/admin\/"}]}},"_links":{"self":[{"href":"http:\/\/studio-animacao.net\/blogo\/wp-json\/wp\/v2\/posts\/1177"}],"collection":[{"href":"http:\/\/studio-animacao.net\/blogo\/wp-json\/wp\/v2\/posts"}],"about":[{"href":"http:\/\/studio-animacao.net\/blogo\/wp-json\/wp\/v2\/types\/post"}],"author":[{"embeddable":true,"href":"http:\/\/studio-animacao.net\/blogo\/wp-json\/wp\/v2\/users\/1"}],"replies":[{"embeddable":true,"href":"http:\/\/studio-animacao.net\/blogo\/wp-json\/wp\/v2\/comments?post=1177"}],"version-history":[{"count":1,"href":"http:\/\/studio-animacao.net\/blogo\/wp-json\/wp\/v2\/posts\/1177\/revisions"}],"predecessor-version":[{"id":1188,"href":"http:\/\/studio-animacao.net\/blogo\/wp-json\/wp\/v2\/posts\/1177\/revisions\/1188"}],"wp:attachment":[{"href":"http:\/\/studio-animacao.net\/blogo\/wp-json\/wp\/v2\/media?parent=1177"}],"wp:term":[{"taxonomy":"category","embeddable":true,"href":"http:\/\/studio-animacao.net\/blogo\/wp-json\/wp\/v2\/categories?post=1177"},{"taxonomy":"post_tag","embeddable":true,"href":"http:\/\/studio-animacao.net\/blogo\/wp-json\/wp\/v2\/tags?post=1177"}],"curies":[{"name":"wp","href":"https:\/\/api.w.org\/{rel}","templated":true}]}}