{"id":1479,"date":"2018-08-22T18:27:11","date_gmt":"2018-08-22T16:27:11","guid":{"rendered":"http:\/\/studio-animacao.net\/blogo\/?p=1479"},"modified":"2018-08-22T18:27:11","modified_gmt":"2018-08-22T16:27:11","slug":"on-nest-pas-serieux-quand-on-a-17-ans","status":"publish","type":"post","link":"http:\/\/studio-animacao.net\/blogo\/on-nest-pas-serieux-quand-on-a-17-ans\/","title":{"rendered":"On n&rsquo;est pas s\u00e9rieux quand on a 17 ans!"},"content":{"rendered":"<p><strong>\u00ab\u00a0On n&rsquo;est pas s\u00e9rieux quand on a 17 ans!\u00a0\u00bb<\/strong> : le nouveau projet soutenu par le dispositif<strong> \u00ab\u00a0Passeurs d&rsquo;images\u00a0\u00bb<\/strong> et la Politique de la <strong>ville de Saint Gaudens<\/strong> part de t\u00e9moignages des Saint gaudinois sur leur jeunesse, leurs b\u00eatises&#8230;<\/p>\n<p><img decoding=\"async\" loading=\"lazy\" class=\"aligncenter wp-image-1481 size-medium\" src=\"http:\/\/studio-animacao.net\/blogo\/wp-content\/uploads\/2018\/08\/onps8-300x211.jpg\" alt=\"onps8\" width=\"300\" height=\"211\" srcset=\"http:\/\/studio-animacao.net\/blogo\/wp-content\/uploads\/2018\/08\/onps8-300x211.jpg 300w, http:\/\/studio-animacao.net\/blogo\/wp-content\/uploads\/2018\/08\/onps8-768x539.jpg 768w, http:\/\/studio-animacao.net\/blogo\/wp-content\/uploads\/2018\/08\/onps8-1024x719.jpg 1024w, http:\/\/studio-animacao.net\/blogo\/wp-content\/uploads\/2018\/08\/onps8.jpg 1181w\" sizes=\"(max-width: 300px) 100vw, 300px\" \/><\/p>\n<p style=\"text-align: center;\"><strong>A partir des t\u00e9moignages audio et vid\u00e9o r\u00e9colt\u00e9s, les jeunes ont imagin\u00e9 des s\u00e9quences d&rsquo;animation mettant en sc\u00e8ne des personnages&#8230;<\/strong><\/p>\n<p><img decoding=\"async\" loading=\"lazy\" class=\"alignleft wp-image-1482 size-medium\" src=\"http:\/\/studio-animacao.net\/blogo\/wp-content\/uploads\/2018\/08\/GPTO01-300x225.jpg\" alt=\"GPTO01\" width=\"300\" height=\"225\" srcset=\"http:\/\/studio-animacao.net\/blogo\/wp-content\/uploads\/2018\/08\/GPTO01-300x225.jpg 300w, http:\/\/studio-animacao.net\/blogo\/wp-content\/uploads\/2018\/08\/GPTO01-768x576.jpg 768w, http:\/\/studio-animacao.net\/blogo\/wp-content\/uploads\/2018\/08\/GPTO01-1024x768.jpg 1024w, http:\/\/studio-animacao.net\/blogo\/wp-content\/uploads\/2018\/08\/GPTO01.jpg 1181w\" sizes=\"(max-width: 300px) 100vw, 300px\" \/> <img decoding=\"async\" loading=\"lazy\" class=\"wp-image-1483 size-medium aligncenter\" src=\"http:\/\/studio-animacao.net\/blogo\/wp-content\/uploads\/2018\/08\/PATAMOD02-300x214.jpg\" alt=\"PATAMOD02\" width=\"300\" height=\"214\" srcset=\"http:\/\/studio-animacao.net\/blogo\/wp-content\/uploads\/2018\/08\/PATAMOD02-300x214.jpg 300w, http:\/\/studio-animacao.net\/blogo\/wp-content\/uploads\/2018\/08\/PATAMOD02-768x548.jpg 768w, http:\/\/studio-animacao.net\/blogo\/wp-content\/uploads\/2018\/08\/PATAMOD02-1024x731.jpg 1024w, http:\/\/studio-animacao.net\/blogo\/wp-content\/uploads\/2018\/08\/PATAMOD02.jpg 1181w\" sizes=\"(max-width: 300px) 100vw, 300px\" \/><\/p>\n<p style=\"text-align: center;\">En 3D, en p\u00e2te \u00e0 modeler ou pixilation, les jeunes du <strong>Centre de Loisir<\/strong> et de la <strong>MJC du saint gaudinois<\/strong> ont invent\u00e9 des animations.<\/p>\n<p><img decoding=\"async\" loading=\"lazy\" class=\"aligncenter wp-image-1484 size-medium\" src=\"http:\/\/studio-animacao.net\/blogo\/wp-content\/uploads\/2018\/08\/lecture01-300x225.jpg\" alt=\"lecture01\" width=\"300\" height=\"225\" srcset=\"http:\/\/studio-animacao.net\/blogo\/wp-content\/uploads\/2018\/08\/lecture01-300x225.jpg 300w, http:\/\/studio-animacao.net\/blogo\/wp-content\/uploads\/2018\/08\/lecture01-768x576.jpg 768w, http:\/\/studio-animacao.net\/blogo\/wp-content\/uploads\/2018\/08\/lecture01-1024x768.jpg 1024w, http:\/\/studio-animacao.net\/blogo\/wp-content\/uploads\/2018\/08\/lecture01.jpg 1181w\" sizes=\"(max-width: 300px) 100vw, 300px\" \/><\/p>\n<p>Ils ont \u00e9galement lu le po\u00e8me <strong>\u00ab\u00a0Roman\u00a0\u00bb<\/strong> (On n&rsquo;est pas s\u00e9rieux quand on a 17 ans) de <strong>Rimbaud<\/strong> qui sera int\u00e9gr\u00e9 au projet vid\u00e9o.<\/p>\n<p><img decoding=\"async\" loading=\"lazy\" class=\"aligncenter wp-image-1485 size-medium\" src=\"http:\/\/studio-animacao.net\/blogo\/wp-content\/uploads\/2018\/08\/lecture02-300x225.jpg\" alt=\"lecture02\" width=\"300\" height=\"225\" srcset=\"http:\/\/studio-animacao.net\/blogo\/wp-content\/uploads\/2018\/08\/lecture02-300x225.jpg 300w, http:\/\/studio-animacao.net\/blogo\/wp-content\/uploads\/2018\/08\/lecture02-768x576.jpg 768w, http:\/\/studio-animacao.net\/blogo\/wp-content\/uploads\/2018\/08\/lecture02-1024x768.jpg 1024w, http:\/\/studio-animacao.net\/blogo\/wp-content\/uploads\/2018\/08\/lecture02.jpg 1181w\" sizes=\"(max-width: 300px) 100vw, 300px\" \/><\/p>\n<p style=\"text-align: center;\"><strong>Les moments forts furent les s\u00e9ances de capture de mouvements (MOCAP) durant lesquelles les jeunes ont pu animer leurs personnages virtuels.<\/strong><\/p>\n<p><img decoding=\"async\" loading=\"lazy\" class=\"alignleft wp-image-1486 size-medium\" src=\"http:\/\/studio-animacao.net\/blogo\/wp-content\/uploads\/2018\/08\/MOCAP02-300x216.jpg\" alt=\"MOCAP02\" width=\"300\" height=\"216\" srcset=\"http:\/\/studio-animacao.net\/blogo\/wp-content\/uploads\/2018\/08\/MOCAP02-300x216.jpg 300w, http:\/\/studio-animacao.net\/blogo\/wp-content\/uploads\/2018\/08\/MOCAP02-768x553.jpg 768w, http:\/\/studio-animacao.net\/blogo\/wp-content\/uploads\/2018\/08\/MOCAP02-1024x737.jpg 1024w, http:\/\/studio-animacao.net\/blogo\/wp-content\/uploads\/2018\/08\/MOCAP02.jpg 1181w\" sizes=\"(max-width: 300px) 100vw, 300px\" \/> <img decoding=\"async\" loading=\"lazy\" class=\"alignright wp-image-1487 size-medium\" src=\"http:\/\/studio-animacao.net\/blogo\/wp-content\/uploads\/2018\/08\/MOCAP08-300x214.jpg\" alt=\"MOCAP08\" width=\"300\" height=\"214\" srcset=\"http:\/\/studio-animacao.net\/blogo\/wp-content\/uploads\/2018\/08\/MOCAP08-300x214.jpg 300w, http:\/\/studio-animacao.net\/blogo\/wp-content\/uploads\/2018\/08\/MOCAP08-768x548.jpg 768w, http:\/\/studio-animacao.net\/blogo\/wp-content\/uploads\/2018\/08\/MOCAP08-1024x730.jpg 1024w, http:\/\/studio-animacao.net\/blogo\/wp-content\/uploads\/2018\/08\/MOCAP08.jpg 1181w\" sizes=\"(max-width: 300px) 100vw, 300px\" \/><\/p>\n","protected":false},"excerpt":{"rendered":"<p>\u00ab\u00a0On n&rsquo;est pas s\u00e9rieux quand on a 17 ans!\u00a0\u00bb : le nouveau projet soutenu par le dispositif \u00ab\u00a0Passeurs d&rsquo;images\u00a0\u00bb et la Politique de la ville de Saint Gaudens part de t\u00e9moignages des Saint gaudinois sur leur jeunesse, leurs b\u00eatises&#8230; A &hellip; <a href=\"http:\/\/studio-animacao.net\/blogo\/on-nest-pas-serieux-quand-on-a-17-ans\/\">Continuer la lecture <span class=\"meta-nav\">&rarr;<\/span><\/a><\/p>\n","protected":false},"author":1,"featured_media":0,"comment_status":"open","ping_status":"open","sticky":false,"template":"","format":"standard","meta":[],"categories":[],"tags":[368,367,179,7,369,270],"yoast_head":"<!-- This site is optimized with the Yoast SEO plugin v20.9 - https:\/\/yoast.com\/wordpress\/plugins\/seo\/ -->\n<title>On n&#039;est pas s\u00e9rieux quand on a 17 ans! - Le BLOGO d&#039;Anima\u00e7\u00e3o<\/title>\n<meta name=\"robots\" content=\"index, follow, max-snippet:-1, max-image-preview:large, max-video-preview:-1\" \/>\n<link rel=\"canonical\" href=\"https:\/\/studio-animacao.net\/blogo\/on-nest-pas-serieux-quand-on-a-17-ans\/\" \/>\n<meta property=\"og:locale\" content=\"fr_FR\" \/>\n<meta property=\"og:type\" content=\"article\" \/>\n<meta property=\"og:title\" content=\"On n&#039;est pas s\u00e9rieux quand on a 17 ans! - Le BLOGO d&#039;Anima\u00e7\u00e3o\" \/>\n<meta property=\"og:description\" content=\"\u00ab\u00a0On n&rsquo;est pas s\u00e9rieux quand on a 17 ans!\u00a0\u00bb : le nouveau projet soutenu par le dispositif \u00ab\u00a0Passeurs d&rsquo;images\u00a0\u00bb et la Politique de la ville de Saint Gaudens part de t\u00e9moignages des Saint gaudinois sur leur jeunesse, leurs b\u00eatises&#8230; A &hellip; Continuer la lecture &rarr;\" \/>\n<meta property=\"og:url\" content=\"https:\/\/studio-animacao.net\/blogo\/on-nest-pas-serieux-quand-on-a-17-ans\/\" \/>\n<meta property=\"og:site_name\" content=\"Le BLOGO d&#039;Anima\u00e7\u00e3o\" \/>\n<meta property=\"article:publisher\" content=\"https:\/\/www.facebook.com\/associationAnimacao\" \/>\n<meta property=\"article:published_time\" content=\"2018-08-22T16:27:11+00:00\" \/>\n<meta property=\"og:image\" content=\"http:\/\/studio-animacao.net\/blogo\/wp-content\/uploads\/2018\/08\/onps8-300x211.jpg\" \/>\n<meta name=\"author\" content=\"admin\" \/>\n<meta name=\"twitter:card\" content=\"summary_large_image\" \/>\n<meta name=\"twitter:label1\" content=\"\u00c9crit par\" \/>\n\t<meta name=\"twitter:data1\" content=\"admin\" \/>\n\t<meta name=\"twitter:label2\" content=\"Dur\u00e9e de lecture estim\u00e9e\" \/>\n\t<meta name=\"twitter:data2\" content=\"1 minute\" \/>\n<script type=\"application\/ld+json\" class=\"yoast-schema-graph\">{\"@context\":\"https:\/\/schema.org\",\"@graph\":[{\"@type\":\"Article\",\"@id\":\"https:\/\/studio-animacao.net\/blogo\/on-nest-pas-serieux-quand-on-a-17-ans\/#article\",\"isPartOf\":{\"@id\":\"https:\/\/studio-animacao.net\/blogo\/on-nest-pas-serieux-quand-on-a-17-ans\/\"},\"author\":{\"name\":\"admin\",\"@id\":\"http:\/\/studio-animacao.net\/blogo\/#\/schema\/person\/d43605ef0d5681c1b27a4ba1fede1cf4\"},\"headline\":\"On n&rsquo;est pas s\u00e9rieux quand on a 17 ans!\",\"datePublished\":\"2018-08-22T16:27:11+00:00\",\"dateModified\":\"2018-08-22T16:27:11+00:00\",\"mainEntityOfPage\":{\"@id\":\"https:\/\/studio-animacao.net\/blogo\/on-nest-pas-serieux-quand-on-a-17-ans\/\"},\"wordCount\":149,\"commentCount\":0,\"publisher\":{\"@id\":\"http:\/\/studio-animacao.net\/blogo\/#organization\"},\"keywords\":[\"centre de loisirs de Saint Gaudens\",\"mjc saint gaudinois\",\"MOCAP\",\"MOCAP\",\"On n'est pas s\u00e9rieux quand on a 17 ans!\",\"passeurs d'images\"],\"inLanguage\":\"fr-FR\",\"potentialAction\":[{\"@type\":\"CommentAction\",\"name\":\"Comment\",\"target\":[\"https:\/\/studio-animacao.net\/blogo\/on-nest-pas-serieux-quand-on-a-17-ans\/#respond\"]}]},{\"@type\":\"WebPage\",\"@id\":\"https:\/\/studio-animacao.net\/blogo\/on-nest-pas-serieux-quand-on-a-17-ans\/\",\"url\":\"https:\/\/studio-animacao.net\/blogo\/on-nest-pas-serieux-quand-on-a-17-ans\/\",\"name\":\"On n'est pas s\u00e9rieux quand on a 17 ans! - Le BLOGO d&#039;Anima\u00e7\u00e3o\",\"isPartOf\":{\"@id\":\"http:\/\/studio-animacao.net\/blogo\/#website\"},\"datePublished\":\"2018-08-22T16:27:11+00:00\",\"dateModified\":\"2018-08-22T16:27:11+00:00\",\"breadcrumb\":{\"@id\":\"https:\/\/studio-animacao.net\/blogo\/on-nest-pas-serieux-quand-on-a-17-ans\/#breadcrumb\"},\"inLanguage\":\"fr-FR\",\"potentialAction\":[{\"@type\":\"ReadAction\",\"target\":[\"https:\/\/studio-animacao.net\/blogo\/on-nest-pas-serieux-quand-on-a-17-ans\/\"]}]},{\"@type\":\"BreadcrumbList\",\"@id\":\"https:\/\/studio-animacao.net\/blogo\/on-nest-pas-serieux-quand-on-a-17-ans\/#breadcrumb\",\"itemListElement\":[{\"@type\":\"ListItem\",\"position\":1,\"name\":\"Accueil\",\"item\":\"http:\/\/studio-animacao.net\/blogo\/\"},{\"@type\":\"ListItem\",\"position\":2,\"name\":\"On n&rsquo;est pas s\u00e9rieux quand on a 17 ans!\"}]},{\"@type\":\"WebSite\",\"@id\":\"http:\/\/studio-animacao.net\/blogo\/#website\",\"url\":\"http:\/\/studio-animacao.net\/blogo\/\",\"name\":\"Le BLOGO d'Anima\u00e7\u00e3o\",\"description\":\"le BLOGO des marios (net ou pas)\",\"publisher\":{\"@id\":\"http:\/\/studio-animacao.net\/blogo\/#organization\"},\"potentialAction\":[{\"@type\":\"SearchAction\",\"target\":{\"@type\":\"EntryPoint\",\"urlTemplate\":\"http:\/\/studio-animacao.net\/blogo\/?s={search_term_string}\"},\"query-input\":\"required name=search_term_string\"}],\"inLanguage\":\"fr-FR\"},{\"@type\":\"Organization\",\"@id\":\"http:\/\/studio-animacao.net\/blogo\/#organization\",\"name\":\"Le BLOGO d'Anima\u00e7\u00e3o\",\"url\":\"http:\/\/studio-animacao.net\/blogo\/\",\"logo\":{\"@type\":\"ImageObject\",\"inLanguage\":\"fr-FR\",\"@id\":\"http:\/\/studio-animacao.net\/blogo\/#\/schema\/logo\/image\/\",\"url\":\"http:\/\/studio-animacao.net\/blogo\/wp-content\/uploads\/2023\/06\/Animlogo.jpg\",\"contentUrl\":\"http:\/\/studio-animacao.net\/blogo\/wp-content\/uploads\/2023\/06\/Animlogo.jpg\",\"width\":400,\"height\":227,\"caption\":\"Le BLOGO d'Anima\u00e7\u00e3o\"},\"image\":{\"@id\":\"http:\/\/studio-animacao.net\/blogo\/#\/schema\/logo\/image\/\"},\"sameAs\":[\"https:\/\/www.facebook.com\/associationAnimacao\",\"https:\/\/www.instagram.com\/associationanimacao\/\"]},{\"@type\":\"Person\",\"@id\":\"http:\/\/studio-animacao.net\/blogo\/#\/schema\/person\/d43605ef0d5681c1b27a4ba1fede1cf4\",\"name\":\"admin\",\"image\":{\"@type\":\"ImageObject\",\"inLanguage\":\"fr-FR\",\"@id\":\"http:\/\/studio-animacao.net\/blogo\/#\/schema\/person\/image\/\",\"url\":\"http:\/\/2.gravatar.com\/avatar\/ecf3aaaf6b5e78c58493c9d6029e0fa2?s=96&d=mm&r=g\",\"contentUrl\":\"http:\/\/2.gravatar.com\/avatar\/ecf3aaaf6b5e78c58493c9d6029e0fa2?s=96&d=mm&r=g\",\"caption\":\"admin\"},\"url\":\"http:\/\/studio-animacao.net\/blogo\/author\/admin\/\"}]}<\/script>\n<!-- \/ Yoast SEO plugin. -->","yoast_head_json":{"title":"On n'est pas s\u00e9rieux quand on a 17 ans! - Le BLOGO d&#039;Anima\u00e7\u00e3o","robots":{"index":"index","follow":"follow","max-snippet":"max-snippet:-1","max-image-preview":"max-image-preview:large","max-video-preview":"max-video-preview:-1"},"canonical":"https:\/\/studio-animacao.net\/blogo\/on-nest-pas-serieux-quand-on-a-17-ans\/","og_locale":"fr_FR","og_type":"article","og_title":"On n'est pas s\u00e9rieux quand on a 17 ans! - Le BLOGO d&#039;Anima\u00e7\u00e3o","og_description":"\u00ab\u00a0On n&rsquo;est pas s\u00e9rieux quand on a 17 ans!\u00a0\u00bb : le nouveau projet soutenu par le dispositif \u00ab\u00a0Passeurs d&rsquo;images\u00a0\u00bb et la Politique de la ville de Saint Gaudens part de t\u00e9moignages des Saint gaudinois sur leur jeunesse, leurs b\u00eatises&#8230; A &hellip; Continuer la lecture &rarr;","og_url":"https:\/\/studio-animacao.net\/blogo\/on-nest-pas-serieux-quand-on-a-17-ans\/","og_site_name":"Le BLOGO d&#039;Anima\u00e7\u00e3o","article_publisher":"https:\/\/www.facebook.com\/associationAnimacao","article_published_time":"2018-08-22T16:27:11+00:00","og_image":[{"url":"http:\/\/studio-animacao.net\/blogo\/wp-content\/uploads\/2018\/08\/onps8-300x211.jpg"}],"author":"admin","twitter_card":"summary_large_image","twitter_misc":{"\u00c9crit par":"admin","Dur\u00e9e de lecture estim\u00e9e":"1 minute"},"schema":{"@context":"https:\/\/schema.org","@graph":[{"@type":"Article","@id":"https:\/\/studio-animacao.net\/blogo\/on-nest-pas-serieux-quand-on-a-17-ans\/#article","isPartOf":{"@id":"https:\/\/studio-animacao.net\/blogo\/on-nest-pas-serieux-quand-on-a-17-ans\/"},"author":{"name":"admin","@id":"http:\/\/studio-animacao.net\/blogo\/#\/schema\/person\/d43605ef0d5681c1b27a4ba1fede1cf4"},"headline":"On n&rsquo;est pas s\u00e9rieux quand on a 17 ans!","datePublished":"2018-08-22T16:27:11+00:00","dateModified":"2018-08-22T16:27:11+00:00","mainEntityOfPage":{"@id":"https:\/\/studio-animacao.net\/blogo\/on-nest-pas-serieux-quand-on-a-17-ans\/"},"wordCount":149,"commentCount":0,"publisher":{"@id":"http:\/\/studio-animacao.net\/blogo\/#organization"},"keywords":["centre de loisirs de Saint Gaudens","mjc saint gaudinois","MOCAP","MOCAP","On n'est pas s\u00e9rieux quand on a 17 ans!","passeurs d'images"],"inLanguage":"fr-FR","potentialAction":[{"@type":"CommentAction","name":"Comment","target":["https:\/\/studio-animacao.net\/blogo\/on-nest-pas-serieux-quand-on-a-17-ans\/#respond"]}]},{"@type":"WebPage","@id":"https:\/\/studio-animacao.net\/blogo\/on-nest-pas-serieux-quand-on-a-17-ans\/","url":"https:\/\/studio-animacao.net\/blogo\/on-nest-pas-serieux-quand-on-a-17-ans\/","name":"On n'est pas s\u00e9rieux quand on a 17 ans! - Le BLOGO d&#039;Anima\u00e7\u00e3o","isPartOf":{"@id":"http:\/\/studio-animacao.net\/blogo\/#website"},"datePublished":"2018-08-22T16:27:11+00:00","dateModified":"2018-08-22T16:27:11+00:00","breadcrumb":{"@id":"https:\/\/studio-animacao.net\/blogo\/on-nest-pas-serieux-quand-on-a-17-ans\/#breadcrumb"},"inLanguage":"fr-FR","potentialAction":[{"@type":"ReadAction","target":["https:\/\/studio-animacao.net\/blogo\/on-nest-pas-serieux-quand-on-a-17-ans\/"]}]},{"@type":"BreadcrumbList","@id":"https:\/\/studio-animacao.net\/blogo\/on-nest-pas-serieux-quand-on-a-17-ans\/#breadcrumb","itemListElement":[{"@type":"ListItem","position":1,"name":"Accueil","item":"http:\/\/studio-animacao.net\/blogo\/"},{"@type":"ListItem","position":2,"name":"On n&rsquo;est pas s\u00e9rieux quand on a 17 ans!"}]},{"@type":"WebSite","@id":"http:\/\/studio-animacao.net\/blogo\/#website","url":"http:\/\/studio-animacao.net\/blogo\/","name":"Le BLOGO d'Anima\u00e7\u00e3o","description":"le BLOGO des marios (net ou pas)","publisher":{"@id":"http:\/\/studio-animacao.net\/blogo\/#organization"},"potentialAction":[{"@type":"SearchAction","target":{"@type":"EntryPoint","urlTemplate":"http:\/\/studio-animacao.net\/blogo\/?s={search_term_string}"},"query-input":"required name=search_term_string"}],"inLanguage":"fr-FR"},{"@type":"Organization","@id":"http:\/\/studio-animacao.net\/blogo\/#organization","name":"Le BLOGO d'Anima\u00e7\u00e3o","url":"http:\/\/studio-animacao.net\/blogo\/","logo":{"@type":"ImageObject","inLanguage":"fr-FR","@id":"http:\/\/studio-animacao.net\/blogo\/#\/schema\/logo\/image\/","url":"http:\/\/studio-animacao.net\/blogo\/wp-content\/uploads\/2023\/06\/Animlogo.jpg","contentUrl":"http:\/\/studio-animacao.net\/blogo\/wp-content\/uploads\/2023\/06\/Animlogo.jpg","width":400,"height":227,"caption":"Le BLOGO d'Anima\u00e7\u00e3o"},"image":{"@id":"http:\/\/studio-animacao.net\/blogo\/#\/schema\/logo\/image\/"},"sameAs":["https:\/\/www.facebook.com\/associationAnimacao","https:\/\/www.instagram.com\/associationanimacao\/"]},{"@type":"Person","@id":"http:\/\/studio-animacao.net\/blogo\/#\/schema\/person\/d43605ef0d5681c1b27a4ba1fede1cf4","name":"admin","image":{"@type":"ImageObject","inLanguage":"fr-FR","@id":"http:\/\/studio-animacao.net\/blogo\/#\/schema\/person\/image\/","url":"http:\/\/2.gravatar.com\/avatar\/ecf3aaaf6b5e78c58493c9d6029e0fa2?s=96&d=mm&r=g","contentUrl":"http:\/\/2.gravatar.com\/avatar\/ecf3aaaf6b5e78c58493c9d6029e0fa2?s=96&d=mm&r=g","caption":"admin"},"url":"http:\/\/studio-animacao.net\/blogo\/author\/admin\/"}]}},"_links":{"self":[{"href":"http:\/\/studio-animacao.net\/blogo\/wp-json\/wp\/v2\/posts\/1479"}],"collection":[{"href":"http:\/\/studio-animacao.net\/blogo\/wp-json\/wp\/v2\/posts"}],"about":[{"href":"http:\/\/studio-animacao.net\/blogo\/wp-json\/wp\/v2\/types\/post"}],"author":[{"embeddable":true,"href":"http:\/\/studio-animacao.net\/blogo\/wp-json\/wp\/v2\/users\/1"}],"replies":[{"embeddable":true,"href":"http:\/\/studio-animacao.net\/blogo\/wp-json\/wp\/v2\/comments?post=1479"}],"version-history":[{"count":1,"href":"http:\/\/studio-animacao.net\/blogo\/wp-json\/wp\/v2\/posts\/1479\/revisions"}],"predecessor-version":[{"id":1488,"href":"http:\/\/studio-animacao.net\/blogo\/wp-json\/wp\/v2\/posts\/1479\/revisions\/1488"}],"wp:attachment":[{"href":"http:\/\/studio-animacao.net\/blogo\/wp-json\/wp\/v2\/media?parent=1479"}],"wp:term":[{"taxonomy":"category","embeddable":true,"href":"http:\/\/studio-animacao.net\/blogo\/wp-json\/wp\/v2\/categories?post=1479"},{"taxonomy":"post_tag","embeddable":true,"href":"http:\/\/studio-animacao.net\/blogo\/wp-json\/wp\/v2\/tags?post=1479"}],"curies":[{"name":"wp","href":"https:\/\/api.w.org\/{rel}","templated":true}]}}