{"id":1496,"date":"2018-09-19T14:17:54","date_gmt":"2018-09-19T12:17:54","guid":{"rendered":"http:\/\/studio-animacao.net\/blogo\/?p=1496"},"modified":"2018-09-20T18:04:32","modified_gmt":"2018-09-20T16:04:32","slug":"visages-villages","status":"publish","type":"post","link":"http:\/\/studio-animacao.net\/blogo\/visages-villages\/","title":{"rendered":"Visages Villages"},"content":{"rendered":"<div dir=\"ltr\">\n<div style=\"font-size: 12pt; font-family: 'Calibri'; color: #000000;\">\n<div style=\"text-align: center;\">Dans le cadre de son projet<strong> \u201cOn n\u2019est pas s\u00e9rieux quand on a 17 ans\u201d<\/strong>, soutenu par le dispositif Passeurs d\u2019Images et le CGET, l\u2019association <strong>Anima\u00e7\u00e3o<\/strong> vous propose, en collaboration avec le cin\u00e9ma Le R\u00e9gent, <strong>une s\u00e9ance de cin\u00e9ma en plein air du film \u201cVisages Villages\u201d d\u2019Agn\u00e8s Varda et JR<\/strong>.<\/div>\n<div style=\"text-align: center;\"><strong>Cette projection aura lieu le vendredi 21 septembre prochain\u00a0<\/strong><\/div>\n<div style=\"text-align: center;\"><strong>au cloitre de la Coll\u00e9giale \u00e0 Saint Gaudens \u00e0 21h.<\/strong><\/div>\n<div><\/div>\n<div style=\"text-align: center;\">En cette veille d\u2019automne, nous vous conseillons de pr\u00e9voir de quoi vous couvrir pour appr\u00e9cier au mieux ce film qui parle de voyages, de rencontres et d\u2019amiti\u00e9&#8230;<\/div>\n<div style=\"text-align: center;\">N\u2019h\u00e9sitez pas \u00e0 faire circuler l\u2019information.<\/div>\n<div style=\"text-align: center;\"><img decoding=\"async\" loading=\"lazy\" class=\"aligncenter size-large wp-image-1503\" src=\"http:\/\/studio-animacao.net\/blogo\/wp-content\/uploads\/2018\/09\/CPAaffiche2-1024x724.jpg\" alt=\"CPAaffiche2\" width=\"640\" height=\"453\" srcset=\"http:\/\/studio-animacao.net\/blogo\/wp-content\/uploads\/2018\/09\/CPAaffiche2-1024x724.jpg 1024w, http:\/\/studio-animacao.net\/blogo\/wp-content\/uploads\/2018\/09\/CPAaffiche2-300x212.jpg 300w, http:\/\/studio-animacao.net\/blogo\/wp-content\/uploads\/2018\/09\/CPAaffiche2-768x543.jpg 768w, http:\/\/studio-animacao.net\/blogo\/wp-content\/uploads\/2018\/09\/CPAaffiche2.jpg 1191w\" sizes=\"(max-width: 640px) 100vw, 640px\" \/><\/div>\n<div style=\"text-align: center;\"><\/div>\n<\/div>\n<\/div>\n","protected":false},"excerpt":{"rendered":"<p>Dans le cadre de son projet \u201cOn n\u2019est pas s\u00e9rieux quand on a 17 ans\u201d, soutenu par le dispositif Passeurs d\u2019Images et le CGET, l\u2019association Anima\u00e7\u00e3o vous propose, en collaboration avec le cin\u00e9ma Le R\u00e9gent, une s\u00e9ance de cin\u00e9ma en &hellip; <a href=\"http:\/\/studio-animacao.net\/blogo\/visages-villages\/\">Continuer la lecture <span class=\"meta-nav\">&rarr;<\/span><\/a><\/p>\n","protected":false},"author":1,"featured_media":0,"comment_status":"open","ping_status":"open","sticky":false,"template":"","format":"standard","meta":[],"categories":[],"tags":[373,376,7,270,269,375,374],"yoast_head":"<!-- This site is optimized with the Yoast SEO plugin v20.9 - https:\/\/yoast.com\/wordpress\/plugins\/seo\/ -->\n<title>Visages Villages - Le BLOGO d&#039;Anima\u00e7\u00e3o<\/title>\n<meta name=\"robots\" content=\"index, follow, max-snippet:-1, max-image-preview:large, max-video-preview:-1\" \/>\n<link rel=\"canonical\" href=\"https:\/\/studio-animacao.net\/blogo\/visages-villages\/\" \/>\n<meta property=\"og:locale\" content=\"fr_FR\" \/>\n<meta property=\"og:type\" content=\"article\" \/>\n<meta property=\"og:title\" content=\"Visages Villages - Le BLOGO d&#039;Anima\u00e7\u00e3o\" \/>\n<meta property=\"og:description\" content=\"Dans le cadre de son projet \u201cOn n\u2019est pas s\u00e9rieux quand on a 17 ans\u201d, soutenu par le dispositif Passeurs d\u2019Images et le CGET, l\u2019association Anima\u00e7\u00e3o vous propose, en collaboration avec le cin\u00e9ma Le R\u00e9gent, une s\u00e9ance de cin\u00e9ma en &hellip; Continuer la lecture &rarr;\" \/>\n<meta property=\"og:url\" content=\"https:\/\/studio-animacao.net\/blogo\/visages-villages\/\" \/>\n<meta property=\"og:site_name\" content=\"Le BLOGO d&#039;Anima\u00e7\u00e3o\" \/>\n<meta property=\"article:publisher\" content=\"https:\/\/www.facebook.com\/associationAnimacao\" \/>\n<meta property=\"article:published_time\" content=\"2018-09-19T12:17:54+00:00\" \/>\n<meta property=\"article:modified_time\" content=\"2018-09-20T16:04:32+00:00\" \/>\n<meta property=\"og:image\" content=\"http:\/\/studio-animacao.net\/blogo\/wp-content\/uploads\/2018\/09\/CPAaffiche2-1024x724.jpg\" \/>\n<meta name=\"author\" content=\"admin\" \/>\n<meta name=\"twitter:card\" content=\"summary_large_image\" \/>\n<meta name=\"twitter:label1\" content=\"\u00c9crit par\" \/>\n\t<meta name=\"twitter:data1\" content=\"admin\" \/>\n\t<meta name=\"twitter:label2\" content=\"Dur\u00e9e de lecture estim\u00e9e\" \/>\n\t<meta name=\"twitter:data2\" content=\"1 minute\" \/>\n<script type=\"application\/ld+json\" class=\"yoast-schema-graph\">{\"@context\":\"https:\/\/schema.org\",\"@graph\":[{\"@type\":\"Article\",\"@id\":\"https:\/\/studio-animacao.net\/blogo\/visages-villages\/#article\",\"isPartOf\":{\"@id\":\"https:\/\/studio-animacao.net\/blogo\/visages-villages\/\"},\"author\":{\"name\":\"admin\",\"@id\":\"http:\/\/studio-animacao.net\/blogo\/#\/schema\/person\/d43605ef0d5681c1b27a4ba1fede1cf4\"},\"headline\":\"Visages Villages\",\"datePublished\":\"2018-09-19T12:17:54+00:00\",\"dateModified\":\"2018-09-20T16:04:32+00:00\",\"mainEntityOfPage\":{\"@id\":\"https:\/\/studio-animacao.net\/blogo\/visages-villages\/\"},\"wordCount\":118,\"commentCount\":0,\"publisher\":{\"@id\":\"http:\/\/studio-animacao.net\/blogo\/#organization\"},\"keywords\":[\"cin\u00e9ma en plein air\",\"cloitre de la coll\u00e9giale \u00e0 Saint Gaudens\",\"MOCAP\",\"passeurs d'images\",\"saint gaudens\",\"s\u00e9ance de cin\u00e9ma en plein air\",\"Visages Villages\"],\"inLanguage\":\"fr-FR\",\"potentialAction\":[{\"@type\":\"CommentAction\",\"name\":\"Comment\",\"target\":[\"https:\/\/studio-animacao.net\/blogo\/visages-villages\/#respond\"]}]},{\"@type\":\"WebPage\",\"@id\":\"https:\/\/studio-animacao.net\/blogo\/visages-villages\/\",\"url\":\"https:\/\/studio-animacao.net\/blogo\/visages-villages\/\",\"name\":\"Visages Villages - Le BLOGO d&#039;Anima\u00e7\u00e3o\",\"isPartOf\":{\"@id\":\"http:\/\/studio-animacao.net\/blogo\/#website\"},\"datePublished\":\"2018-09-19T12:17:54+00:00\",\"dateModified\":\"2018-09-20T16:04:32+00:00\",\"breadcrumb\":{\"@id\":\"https:\/\/studio-animacao.net\/blogo\/visages-villages\/#breadcrumb\"},\"inLanguage\":\"fr-FR\",\"potentialAction\":[{\"@type\":\"ReadAction\",\"target\":[\"https:\/\/studio-animacao.net\/blogo\/visages-villages\/\"]}]},{\"@type\":\"BreadcrumbList\",\"@id\":\"https:\/\/studio-animacao.net\/blogo\/visages-villages\/#breadcrumb\",\"itemListElement\":[{\"@type\":\"ListItem\",\"position\":1,\"name\":\"Accueil\",\"item\":\"http:\/\/studio-animacao.net\/blogo\/\"},{\"@type\":\"ListItem\",\"position\":2,\"name\":\"Visages Villages\"}]},{\"@type\":\"WebSite\",\"@id\":\"http:\/\/studio-animacao.net\/blogo\/#website\",\"url\":\"http:\/\/studio-animacao.net\/blogo\/\",\"name\":\"Le BLOGO d'Anima\u00e7\u00e3o\",\"description\":\"le BLOGO des marios (net ou pas)\",\"publisher\":{\"@id\":\"http:\/\/studio-animacao.net\/blogo\/#organization\"},\"potentialAction\":[{\"@type\":\"SearchAction\",\"target\":{\"@type\":\"EntryPoint\",\"urlTemplate\":\"http:\/\/studio-animacao.net\/blogo\/?s={search_term_string}\"},\"query-input\":\"required name=search_term_string\"}],\"inLanguage\":\"fr-FR\"},{\"@type\":\"Organization\",\"@id\":\"http:\/\/studio-animacao.net\/blogo\/#organization\",\"name\":\"Le BLOGO d'Anima\u00e7\u00e3o\",\"url\":\"http:\/\/studio-animacao.net\/blogo\/\",\"logo\":{\"@type\":\"ImageObject\",\"inLanguage\":\"fr-FR\",\"@id\":\"http:\/\/studio-animacao.net\/blogo\/#\/schema\/logo\/image\/\",\"url\":\"http:\/\/studio-animacao.net\/blogo\/wp-content\/uploads\/2023\/06\/Animlogo.jpg\",\"contentUrl\":\"http:\/\/studio-animacao.net\/blogo\/wp-content\/uploads\/2023\/06\/Animlogo.jpg\",\"width\":400,\"height\":227,\"caption\":\"Le BLOGO d'Anima\u00e7\u00e3o\"},\"image\":{\"@id\":\"http:\/\/studio-animacao.net\/blogo\/#\/schema\/logo\/image\/\"},\"sameAs\":[\"https:\/\/www.facebook.com\/associationAnimacao\",\"https:\/\/www.instagram.com\/associationanimacao\/\"]},{\"@type\":\"Person\",\"@id\":\"http:\/\/studio-animacao.net\/blogo\/#\/schema\/person\/d43605ef0d5681c1b27a4ba1fede1cf4\",\"name\":\"admin\",\"image\":{\"@type\":\"ImageObject\",\"inLanguage\":\"fr-FR\",\"@id\":\"http:\/\/studio-animacao.net\/blogo\/#\/schema\/person\/image\/\",\"url\":\"http:\/\/2.gravatar.com\/avatar\/ecf3aaaf6b5e78c58493c9d6029e0fa2?s=96&d=mm&r=g\",\"contentUrl\":\"http:\/\/2.gravatar.com\/avatar\/ecf3aaaf6b5e78c58493c9d6029e0fa2?s=96&d=mm&r=g\",\"caption\":\"admin\"},\"url\":\"http:\/\/studio-animacao.net\/blogo\/author\/admin\/\"}]}<\/script>\n<!-- \/ Yoast SEO plugin. -->","yoast_head_json":{"title":"Visages Villages - Le BLOGO d&#039;Anima\u00e7\u00e3o","robots":{"index":"index","follow":"follow","max-snippet":"max-snippet:-1","max-image-preview":"max-image-preview:large","max-video-preview":"max-video-preview:-1"},"canonical":"https:\/\/studio-animacao.net\/blogo\/visages-villages\/","og_locale":"fr_FR","og_type":"article","og_title":"Visages Villages - Le BLOGO d&#039;Anima\u00e7\u00e3o","og_description":"Dans le cadre de son projet \u201cOn n\u2019est pas s\u00e9rieux quand on a 17 ans\u201d, soutenu par le dispositif Passeurs d\u2019Images et le CGET, l\u2019association Anima\u00e7\u00e3o vous propose, en collaboration avec le cin\u00e9ma Le R\u00e9gent, une s\u00e9ance de cin\u00e9ma en &hellip; Continuer la lecture &rarr;","og_url":"https:\/\/studio-animacao.net\/blogo\/visages-villages\/","og_site_name":"Le BLOGO d&#039;Anima\u00e7\u00e3o","article_publisher":"https:\/\/www.facebook.com\/associationAnimacao","article_published_time":"2018-09-19T12:17:54+00:00","article_modified_time":"2018-09-20T16:04:32+00:00","og_image":[{"url":"http:\/\/studio-animacao.net\/blogo\/wp-content\/uploads\/2018\/09\/CPAaffiche2-1024x724.jpg"}],"author":"admin","twitter_card":"summary_large_image","twitter_misc":{"\u00c9crit par":"admin","Dur\u00e9e de lecture estim\u00e9e":"1 minute"},"schema":{"@context":"https:\/\/schema.org","@graph":[{"@type":"Article","@id":"https:\/\/studio-animacao.net\/blogo\/visages-villages\/#article","isPartOf":{"@id":"https:\/\/studio-animacao.net\/blogo\/visages-villages\/"},"author":{"name":"admin","@id":"http:\/\/studio-animacao.net\/blogo\/#\/schema\/person\/d43605ef0d5681c1b27a4ba1fede1cf4"},"headline":"Visages Villages","datePublished":"2018-09-19T12:17:54+00:00","dateModified":"2018-09-20T16:04:32+00:00","mainEntityOfPage":{"@id":"https:\/\/studio-animacao.net\/blogo\/visages-villages\/"},"wordCount":118,"commentCount":0,"publisher":{"@id":"http:\/\/studio-animacao.net\/blogo\/#organization"},"keywords":["cin\u00e9ma en plein air","cloitre de la coll\u00e9giale \u00e0 Saint Gaudens","MOCAP","passeurs d'images","saint gaudens","s\u00e9ance de cin\u00e9ma en plein air","Visages Villages"],"inLanguage":"fr-FR","potentialAction":[{"@type":"CommentAction","name":"Comment","target":["https:\/\/studio-animacao.net\/blogo\/visages-villages\/#respond"]}]},{"@type":"WebPage","@id":"https:\/\/studio-animacao.net\/blogo\/visages-villages\/","url":"https:\/\/studio-animacao.net\/blogo\/visages-villages\/","name":"Visages Villages - Le BLOGO d&#039;Anima\u00e7\u00e3o","isPartOf":{"@id":"http:\/\/studio-animacao.net\/blogo\/#website"},"datePublished":"2018-09-19T12:17:54+00:00","dateModified":"2018-09-20T16:04:32+00:00","breadcrumb":{"@id":"https:\/\/studio-animacao.net\/blogo\/visages-villages\/#breadcrumb"},"inLanguage":"fr-FR","potentialAction":[{"@type":"ReadAction","target":["https:\/\/studio-animacao.net\/blogo\/visages-villages\/"]}]},{"@type":"BreadcrumbList","@id":"https:\/\/studio-animacao.net\/blogo\/visages-villages\/#breadcrumb","itemListElement":[{"@type":"ListItem","position":1,"name":"Accueil","item":"http:\/\/studio-animacao.net\/blogo\/"},{"@type":"ListItem","position":2,"name":"Visages Villages"}]},{"@type":"WebSite","@id":"http:\/\/studio-animacao.net\/blogo\/#website","url":"http:\/\/studio-animacao.net\/blogo\/","name":"Le BLOGO d'Anima\u00e7\u00e3o","description":"le BLOGO des marios (net ou pas)","publisher":{"@id":"http:\/\/studio-animacao.net\/blogo\/#organization"},"potentialAction":[{"@type":"SearchAction","target":{"@type":"EntryPoint","urlTemplate":"http:\/\/studio-animacao.net\/blogo\/?s={search_term_string}"},"query-input":"required name=search_term_string"}],"inLanguage":"fr-FR"},{"@type":"Organization","@id":"http:\/\/studio-animacao.net\/blogo\/#organization","name":"Le BLOGO d'Anima\u00e7\u00e3o","url":"http:\/\/studio-animacao.net\/blogo\/","logo":{"@type":"ImageObject","inLanguage":"fr-FR","@id":"http:\/\/studio-animacao.net\/blogo\/#\/schema\/logo\/image\/","url":"http:\/\/studio-animacao.net\/blogo\/wp-content\/uploads\/2023\/06\/Animlogo.jpg","contentUrl":"http:\/\/studio-animacao.net\/blogo\/wp-content\/uploads\/2023\/06\/Animlogo.jpg","width":400,"height":227,"caption":"Le BLOGO d'Anima\u00e7\u00e3o"},"image":{"@id":"http:\/\/studio-animacao.net\/blogo\/#\/schema\/logo\/image\/"},"sameAs":["https:\/\/www.facebook.com\/associationAnimacao","https:\/\/www.instagram.com\/associationanimacao\/"]},{"@type":"Person","@id":"http:\/\/studio-animacao.net\/blogo\/#\/schema\/person\/d43605ef0d5681c1b27a4ba1fede1cf4","name":"admin","image":{"@type":"ImageObject","inLanguage":"fr-FR","@id":"http:\/\/studio-animacao.net\/blogo\/#\/schema\/person\/image\/","url":"http:\/\/2.gravatar.com\/avatar\/ecf3aaaf6b5e78c58493c9d6029e0fa2?s=96&d=mm&r=g","contentUrl":"http:\/\/2.gravatar.com\/avatar\/ecf3aaaf6b5e78c58493c9d6029e0fa2?s=96&d=mm&r=g","caption":"admin"},"url":"http:\/\/studio-animacao.net\/blogo\/author\/admin\/"}]}},"_links":{"self":[{"href":"http:\/\/studio-animacao.net\/blogo\/wp-json\/wp\/v2\/posts\/1496"}],"collection":[{"href":"http:\/\/studio-animacao.net\/blogo\/wp-json\/wp\/v2\/posts"}],"about":[{"href":"http:\/\/studio-animacao.net\/blogo\/wp-json\/wp\/v2\/types\/post"}],"author":[{"embeddable":true,"href":"http:\/\/studio-animacao.net\/blogo\/wp-json\/wp\/v2\/users\/1"}],"replies":[{"embeddable":true,"href":"http:\/\/studio-animacao.net\/blogo\/wp-json\/wp\/v2\/comments?post=1496"}],"version-history":[{"count":4,"href":"http:\/\/studio-animacao.net\/blogo\/wp-json\/wp\/v2\/posts\/1496\/revisions"}],"predecessor-version":[{"id":1504,"href":"http:\/\/studio-animacao.net\/blogo\/wp-json\/wp\/v2\/posts\/1496\/revisions\/1504"}],"wp:attachment":[{"href":"http:\/\/studio-animacao.net\/blogo\/wp-json\/wp\/v2\/media?parent=1496"}],"wp:term":[{"taxonomy":"category","embeddable":true,"href":"http:\/\/studio-animacao.net\/blogo\/wp-json\/wp\/v2\/categories?post=1496"},{"taxonomy":"post_tag","embeddable":true,"href":"http:\/\/studio-animacao.net\/blogo\/wp-json\/wp\/v2\/tags?post=1496"}],"curies":[{"name":"wp","href":"https:\/\/api.w.org\/{rel}","templated":true}]}}