{"id":1910,"date":"2020-03-06T19:28:52","date_gmt":"2020-03-06T18:28:52","guid":{"rendered":"http:\/\/studio-animacao.net\/blogo\/?p=1910"},"modified":"2020-03-06T19:28:52","modified_gmt":"2020-03-06T18:28:52","slug":"preparation-du-carnaval","status":"publish","type":"post","link":"http:\/\/studio-animacao.net\/blogo\/preparation-du-carnaval\/","title":{"rendered":"Pr\u00e9paration du Carnaval"},"content":{"rendered":"\n<p style=\"text-align:center\">Pr\u00e9paration du <strong>Carnaval de l&rsquo;h\u00f4pital des enfants<\/strong> de Toulouse avec la r\u00e9alisation des affiches qui expliqueront le d\u00e9roul\u00e9 de l&rsquo;apr\u00e8s-midi.<\/p>\n\n\n\n<ul class=\"is-layout-flex wp-block-gallery-1 wp-block-gallery columns-3 is-cropped\"><li class=\"blocks-gallery-item\"><figure><img decoding=\"async\" loading=\"lazy\" width=\"1024\" height=\"816\" src=\"http:\/\/studio-animacao.net\/blogo\/wp-content\/uploads\/2020\/03\/carnaval1-1024x816.jpg\" alt=\"\" data-id=\"1911\" data-link=\"http:\/\/studio-animacao.net\/blogo\/?attachment_id=1911\" class=\"wp-image-1911\" srcset=\"http:\/\/studio-animacao.net\/blogo\/wp-content\/uploads\/2020\/03\/carnaval1-1024x816.jpg 1024w, http:\/\/studio-animacao.net\/blogo\/wp-content\/uploads\/2020\/03\/carnaval1-300x239.jpg 300w, http:\/\/studio-animacao.net\/blogo\/wp-content\/uploads\/2020\/03\/carnaval1-768x612.jpg 768w, http:\/\/studio-animacao.net\/blogo\/wp-content\/uploads\/2020\/03\/carnaval1.jpg 1334w\" sizes=\"(max-width: 1024px) 100vw, 1024px\" \/><\/figure><\/li><li class=\"blocks-gallery-item\"><figure><img decoding=\"async\" loading=\"lazy\" width=\"1024\" height=\"734\" src=\"http:\/\/studio-animacao.net\/blogo\/wp-content\/uploads\/2020\/03\/carnaval2-1024x734.jpg\" alt=\"\" data-id=\"1912\" data-link=\"http:\/\/studio-animacao.net\/blogo\/?attachment_id=1912\" class=\"wp-image-1912\" srcset=\"http:\/\/studio-animacao.net\/blogo\/wp-content\/uploads\/2020\/03\/carnaval2-1024x734.jpg 1024w, http:\/\/studio-animacao.net\/blogo\/wp-content\/uploads\/2020\/03\/carnaval2-300x215.jpg 300w, http:\/\/studio-animacao.net\/blogo\/wp-content\/uploads\/2020\/03\/carnaval2-768x551.jpg 768w, http:\/\/studio-animacao.net\/blogo\/wp-content\/uploads\/2020\/03\/carnaval2.jpg 1417w\" sizes=\"(max-width: 1024px) 100vw, 1024px\" \/><\/figure><\/li><li class=\"blocks-gallery-item\"><figure><img decoding=\"async\" loading=\"lazy\" width=\"1024\" height=\"768\" src=\"http:\/\/studio-animacao.net\/blogo\/wp-content\/uploads\/2020\/03\/carnaval3-1024x768.jpg\" alt=\"\" data-id=\"1913\" data-link=\"http:\/\/studio-animacao.net\/blogo\/?attachment_id=1913\" class=\"wp-image-1913\" srcset=\"http:\/\/studio-animacao.net\/blogo\/wp-content\/uploads\/2020\/03\/carnaval3-1024x768.jpg 1024w, http:\/\/studio-animacao.net\/blogo\/wp-content\/uploads\/2020\/03\/carnaval3-300x225.jpg 300w, http:\/\/studio-animacao.net\/blogo\/wp-content\/uploads\/2020\/03\/carnaval3-768x576.jpg 768w, http:\/\/studio-animacao.net\/blogo\/wp-content\/uploads\/2020\/03\/carnaval3.jpg 1417w\" sizes=\"(max-width: 1024px) 100vw, 1024px\" \/><\/figure><\/li><li class=\"blocks-gallery-item\"><figure><img decoding=\"async\" loading=\"lazy\" width=\"1024\" height=\"770\" src=\"http:\/\/studio-animacao.net\/blogo\/wp-content\/uploads\/2020\/03\/carnaval4-1024x770.jpg\" alt=\"\" data-id=\"1914\" data-link=\"http:\/\/studio-animacao.net\/blogo\/?attachment_id=1914\" class=\"wp-image-1914\" srcset=\"http:\/\/studio-animacao.net\/blogo\/wp-content\/uploads\/2020\/03\/carnaval4-1024x770.jpg 1024w, http:\/\/studio-animacao.net\/blogo\/wp-content\/uploads\/2020\/03\/carnaval4-300x226.jpg 300w, http:\/\/studio-animacao.net\/blogo\/wp-content\/uploads\/2020\/03\/carnaval4-768x578.jpg 768w, http:\/\/studio-animacao.net\/blogo\/wp-content\/uploads\/2020\/03\/carnaval4.jpg 1413w\" sizes=\"(max-width: 1024px) 100vw, 1024px\" \/><\/figure><\/li><\/ul>\n","protected":false},"excerpt":{"rendered":"<p>Pr\u00e9paration du Carnaval de l&rsquo;h\u00f4pital des enfants de Toulouse avec la r\u00e9alisation des affiches qui expliqueront le d\u00e9roul\u00e9 de l&rsquo;apr\u00e8s-midi.<\/p>\n","protected":false},"author":1,"featured_media":0,"comment_status":"open","ping_status":"open","sticky":false,"template":"","format":"standard","meta":[],"categories":[1],"tags":[465,207,466,203,21,567],"yoast_head":"<!-- This site is optimized with the Yoast SEO plugin v20.9 - https:\/\/yoast.com\/wordpress\/plugins\/seo\/ -->\n<title>Pr\u00e9paration du Carnaval - Le BLOGO d&#039;Anima\u00e7\u00e3o<\/title>\n<meta name=\"robots\" content=\"index, follow, max-snippet:-1, max-image-preview:large, max-video-preview:-1\" \/>\n<link rel=\"canonical\" href=\"http:\/\/studio-animacao.net\/blogo\/preparation-du-carnaval\/\" \/>\n<meta property=\"og:locale\" content=\"fr_FR\" \/>\n<meta property=\"og:type\" content=\"article\" \/>\n<meta property=\"og:title\" content=\"Pr\u00e9paration du Carnaval - Le BLOGO d&#039;Anima\u00e7\u00e3o\" \/>\n<meta property=\"og:description\" content=\"Pr\u00e9paration du Carnaval de l&rsquo;h\u00f4pital des enfants de Toulouse avec la r\u00e9alisation des affiches qui expliqueront le d\u00e9roul\u00e9 de l&rsquo;apr\u00e8s-midi.\" \/>\n<meta property=\"og:url\" content=\"http:\/\/studio-animacao.net\/blogo\/preparation-du-carnaval\/\" \/>\n<meta property=\"og:site_name\" content=\"Le BLOGO d&#039;Anima\u00e7\u00e3o\" \/>\n<meta property=\"article:publisher\" content=\"https:\/\/www.facebook.com\/associationAnimacao\" \/>\n<meta property=\"article:published_time\" content=\"2020-03-06T18:28:52+00:00\" \/>\n<meta property=\"og:image\" content=\"http:\/\/studio-animacao.net\/blogo\/wp-content\/uploads\/2020\/03\/carnaval1-1024x816.jpg\" \/>\n<meta name=\"author\" content=\"admin\" \/>\n<meta name=\"twitter:card\" content=\"summary_large_image\" \/>\n<meta name=\"twitter:label1\" content=\"\u00c9crit par\" \/>\n\t<meta name=\"twitter:data1\" content=\"admin\" \/>\n<script type=\"application\/ld+json\" class=\"yoast-schema-graph\">{\"@context\":\"https:\/\/schema.org\",\"@graph\":[{\"@type\":\"Article\",\"@id\":\"http:\/\/studio-animacao.net\/blogo\/preparation-du-carnaval\/#article\",\"isPartOf\":{\"@id\":\"http:\/\/studio-animacao.net\/blogo\/preparation-du-carnaval\/\"},\"author\":{\"name\":\"admin\",\"@id\":\"http:\/\/studio-animacao.net\/blogo\/#\/schema\/person\/d43605ef0d5681c1b27a4ba1fede1cf4\"},\"headline\":\"Pr\u00e9paration du Carnaval\",\"datePublished\":\"2020-03-06T18:28:52+00:00\",\"dateModified\":\"2020-03-06T18:28:52+00:00\",\"mainEntityOfPage\":{\"@id\":\"http:\/\/studio-animacao.net\/blogo\/preparation-du-carnaval\/\"},\"wordCount\":29,\"commentCount\":0,\"publisher\":{\"@id\":\"http:\/\/studio-animacao.net\/blogo\/#organization\"},\"keywords\":[\"ateliers multim\u00e9dia \u00e0 l'h\u00f4pital\",\"Carnaval\",\"carnaval \u00e0 l'h\u00f4pital\",\"Clic\u00e9toile\",\"h\u00f4pital des enfants de Toulouse\",\"Uncategorized\"],\"articleSection\":[\"Uncategorized\"],\"inLanguage\":\"fr-FR\",\"potentialAction\":[{\"@type\":\"CommentAction\",\"name\":\"Comment\",\"target\":[\"http:\/\/studio-animacao.net\/blogo\/preparation-du-carnaval\/#respond\"]}]},{\"@type\":\"WebPage\",\"@id\":\"http:\/\/studio-animacao.net\/blogo\/preparation-du-carnaval\/\",\"url\":\"http:\/\/studio-animacao.net\/blogo\/preparation-du-carnaval\/\",\"name\":\"Pr\u00e9paration du Carnaval - Le BLOGO d&#039;Anima\u00e7\u00e3o\",\"isPartOf\":{\"@id\":\"http:\/\/studio-animacao.net\/blogo\/#website\"},\"datePublished\":\"2020-03-06T18:28:52+00:00\",\"dateModified\":\"2020-03-06T18:28:52+00:00\",\"breadcrumb\":{\"@id\":\"http:\/\/studio-animacao.net\/blogo\/preparation-du-carnaval\/#breadcrumb\"},\"inLanguage\":\"fr-FR\",\"potentialAction\":[{\"@type\":\"ReadAction\",\"target\":[\"http:\/\/studio-animacao.net\/blogo\/preparation-du-carnaval\/\"]}]},{\"@type\":\"BreadcrumbList\",\"@id\":\"http:\/\/studio-animacao.net\/blogo\/preparation-du-carnaval\/#breadcrumb\",\"itemListElement\":[{\"@type\":\"ListItem\",\"position\":1,\"name\":\"Accueil\",\"item\":\"http:\/\/studio-animacao.net\/blogo\/\"},{\"@type\":\"ListItem\",\"position\":2,\"name\":\"Pr\u00e9paration du Carnaval\"}]},{\"@type\":\"WebSite\",\"@id\":\"http:\/\/studio-animacao.net\/blogo\/#website\",\"url\":\"http:\/\/studio-animacao.net\/blogo\/\",\"name\":\"Le BLOGO d'Anima\u00e7\u00e3o\",\"description\":\"le BLOGO des marios (net ou pas)\",\"publisher\":{\"@id\":\"http:\/\/studio-animacao.net\/blogo\/#organization\"},\"potentialAction\":[{\"@type\":\"SearchAction\",\"target\":{\"@type\":\"EntryPoint\",\"urlTemplate\":\"http:\/\/studio-animacao.net\/blogo\/?s={search_term_string}\"},\"query-input\":\"required name=search_term_string\"}],\"inLanguage\":\"fr-FR\"},{\"@type\":\"Organization\",\"@id\":\"http:\/\/studio-animacao.net\/blogo\/#organization\",\"name\":\"Le BLOGO d'Anima\u00e7\u00e3o\",\"url\":\"http:\/\/studio-animacao.net\/blogo\/\",\"logo\":{\"@type\":\"ImageObject\",\"inLanguage\":\"fr-FR\",\"@id\":\"http:\/\/studio-animacao.net\/blogo\/#\/schema\/logo\/image\/\",\"url\":\"http:\/\/studio-animacao.net\/blogo\/wp-content\/uploads\/2023\/06\/Animlogo.jpg\",\"contentUrl\":\"http:\/\/studio-animacao.net\/blogo\/wp-content\/uploads\/2023\/06\/Animlogo.jpg\",\"width\":400,\"height\":227,\"caption\":\"Le BLOGO d'Anima\u00e7\u00e3o\"},\"image\":{\"@id\":\"http:\/\/studio-animacao.net\/blogo\/#\/schema\/logo\/image\/\"},\"sameAs\":[\"https:\/\/www.facebook.com\/associationAnimacao\",\"https:\/\/www.instagram.com\/associationanimacao\/\"]},{\"@type\":\"Person\",\"@id\":\"http:\/\/studio-animacao.net\/blogo\/#\/schema\/person\/d43605ef0d5681c1b27a4ba1fede1cf4\",\"name\":\"admin\",\"image\":{\"@type\":\"ImageObject\",\"inLanguage\":\"fr-FR\",\"@id\":\"http:\/\/studio-animacao.net\/blogo\/#\/schema\/person\/image\/\",\"url\":\"http:\/\/2.gravatar.com\/avatar\/ecf3aaaf6b5e78c58493c9d6029e0fa2?s=96&d=mm&r=g\",\"contentUrl\":\"http:\/\/2.gravatar.com\/avatar\/ecf3aaaf6b5e78c58493c9d6029e0fa2?s=96&d=mm&r=g\",\"caption\":\"admin\"},\"url\":\"http:\/\/studio-animacao.net\/blogo\/author\/admin\/\"}]}<\/script>\n<!-- \/ Yoast SEO plugin. -->","yoast_head_json":{"title":"Pr\u00e9paration du Carnaval - Le BLOGO d&#039;Anima\u00e7\u00e3o","robots":{"index":"index","follow":"follow","max-snippet":"max-snippet:-1","max-image-preview":"max-image-preview:large","max-video-preview":"max-video-preview:-1"},"canonical":"http:\/\/studio-animacao.net\/blogo\/preparation-du-carnaval\/","og_locale":"fr_FR","og_type":"article","og_title":"Pr\u00e9paration du Carnaval - Le BLOGO d&#039;Anima\u00e7\u00e3o","og_description":"Pr\u00e9paration du Carnaval de l&rsquo;h\u00f4pital des enfants de Toulouse avec la r\u00e9alisation des affiches qui expliqueront le d\u00e9roul\u00e9 de l&rsquo;apr\u00e8s-midi.","og_url":"http:\/\/studio-animacao.net\/blogo\/preparation-du-carnaval\/","og_site_name":"Le BLOGO d&#039;Anima\u00e7\u00e3o","article_publisher":"https:\/\/www.facebook.com\/associationAnimacao","article_published_time":"2020-03-06T18:28:52+00:00","og_image":[{"url":"http:\/\/studio-animacao.net\/blogo\/wp-content\/uploads\/2020\/03\/carnaval1-1024x816.jpg"}],"author":"admin","twitter_card":"summary_large_image","twitter_misc":{"\u00c9crit par":"admin"},"schema":{"@context":"https:\/\/schema.org","@graph":[{"@type":"Article","@id":"http:\/\/studio-animacao.net\/blogo\/preparation-du-carnaval\/#article","isPartOf":{"@id":"http:\/\/studio-animacao.net\/blogo\/preparation-du-carnaval\/"},"author":{"name":"admin","@id":"http:\/\/studio-animacao.net\/blogo\/#\/schema\/person\/d43605ef0d5681c1b27a4ba1fede1cf4"},"headline":"Pr\u00e9paration du Carnaval","datePublished":"2020-03-06T18:28:52+00:00","dateModified":"2020-03-06T18:28:52+00:00","mainEntityOfPage":{"@id":"http:\/\/studio-animacao.net\/blogo\/preparation-du-carnaval\/"},"wordCount":29,"commentCount":0,"publisher":{"@id":"http:\/\/studio-animacao.net\/blogo\/#organization"},"keywords":["ateliers multim\u00e9dia \u00e0 l'h\u00f4pital","Carnaval","carnaval \u00e0 l'h\u00f4pital","Clic\u00e9toile","h\u00f4pital des enfants de Toulouse","Uncategorized"],"articleSection":["Uncategorized"],"inLanguage":"fr-FR","potentialAction":[{"@type":"CommentAction","name":"Comment","target":["http:\/\/studio-animacao.net\/blogo\/preparation-du-carnaval\/#respond"]}]},{"@type":"WebPage","@id":"http:\/\/studio-animacao.net\/blogo\/preparation-du-carnaval\/","url":"http:\/\/studio-animacao.net\/blogo\/preparation-du-carnaval\/","name":"Pr\u00e9paration du Carnaval - Le BLOGO d&#039;Anima\u00e7\u00e3o","isPartOf":{"@id":"http:\/\/studio-animacao.net\/blogo\/#website"},"datePublished":"2020-03-06T18:28:52+00:00","dateModified":"2020-03-06T18:28:52+00:00","breadcrumb":{"@id":"http:\/\/studio-animacao.net\/blogo\/preparation-du-carnaval\/#breadcrumb"},"inLanguage":"fr-FR","potentialAction":[{"@type":"ReadAction","target":["http:\/\/studio-animacao.net\/blogo\/preparation-du-carnaval\/"]}]},{"@type":"BreadcrumbList","@id":"http:\/\/studio-animacao.net\/blogo\/preparation-du-carnaval\/#breadcrumb","itemListElement":[{"@type":"ListItem","position":1,"name":"Accueil","item":"http:\/\/studio-animacao.net\/blogo\/"},{"@type":"ListItem","position":2,"name":"Pr\u00e9paration du Carnaval"}]},{"@type":"WebSite","@id":"http:\/\/studio-animacao.net\/blogo\/#website","url":"http:\/\/studio-animacao.net\/blogo\/","name":"Le BLOGO d'Anima\u00e7\u00e3o","description":"le BLOGO des marios (net ou pas)","publisher":{"@id":"http:\/\/studio-animacao.net\/blogo\/#organization"},"potentialAction":[{"@type":"SearchAction","target":{"@type":"EntryPoint","urlTemplate":"http:\/\/studio-animacao.net\/blogo\/?s={search_term_string}"},"query-input":"required name=search_term_string"}],"inLanguage":"fr-FR"},{"@type":"Organization","@id":"http:\/\/studio-animacao.net\/blogo\/#organization","name":"Le BLOGO d'Anima\u00e7\u00e3o","url":"http:\/\/studio-animacao.net\/blogo\/","logo":{"@type":"ImageObject","inLanguage":"fr-FR","@id":"http:\/\/studio-animacao.net\/blogo\/#\/schema\/logo\/image\/","url":"http:\/\/studio-animacao.net\/blogo\/wp-content\/uploads\/2023\/06\/Animlogo.jpg","contentUrl":"http:\/\/studio-animacao.net\/blogo\/wp-content\/uploads\/2023\/06\/Animlogo.jpg","width":400,"height":227,"caption":"Le BLOGO d'Anima\u00e7\u00e3o"},"image":{"@id":"http:\/\/studio-animacao.net\/blogo\/#\/schema\/logo\/image\/"},"sameAs":["https:\/\/www.facebook.com\/associationAnimacao","https:\/\/www.instagram.com\/associationanimacao\/"]},{"@type":"Person","@id":"http:\/\/studio-animacao.net\/blogo\/#\/schema\/person\/d43605ef0d5681c1b27a4ba1fede1cf4","name":"admin","image":{"@type":"ImageObject","inLanguage":"fr-FR","@id":"http:\/\/studio-animacao.net\/blogo\/#\/schema\/person\/image\/","url":"http:\/\/2.gravatar.com\/avatar\/ecf3aaaf6b5e78c58493c9d6029e0fa2?s=96&d=mm&r=g","contentUrl":"http:\/\/2.gravatar.com\/avatar\/ecf3aaaf6b5e78c58493c9d6029e0fa2?s=96&d=mm&r=g","caption":"admin"},"url":"http:\/\/studio-animacao.net\/blogo\/author\/admin\/"}]}},"_links":{"self":[{"href":"http:\/\/studio-animacao.net\/blogo\/wp-json\/wp\/v2\/posts\/1910"}],"collection":[{"href":"http:\/\/studio-animacao.net\/blogo\/wp-json\/wp\/v2\/posts"}],"about":[{"href":"http:\/\/studio-animacao.net\/blogo\/wp-json\/wp\/v2\/types\/post"}],"author":[{"embeddable":true,"href":"http:\/\/studio-animacao.net\/blogo\/wp-json\/wp\/v2\/users\/1"}],"replies":[{"embeddable":true,"href":"http:\/\/studio-animacao.net\/blogo\/wp-json\/wp\/v2\/comments?post=1910"}],"version-history":[{"count":2,"href":"http:\/\/studio-animacao.net\/blogo\/wp-json\/wp\/v2\/posts\/1910\/revisions"}],"predecessor-version":[{"id":1916,"href":"http:\/\/studio-animacao.net\/blogo\/wp-json\/wp\/v2\/posts\/1910\/revisions\/1916"}],"wp:attachment":[{"href":"http:\/\/studio-animacao.net\/blogo\/wp-json\/wp\/v2\/media?parent=1910"}],"wp:term":[{"taxonomy":"category","embeddable":true,"href":"http:\/\/studio-animacao.net\/blogo\/wp-json\/wp\/v2\/categories?post=1910"},{"taxonomy":"post_tag","embeddable":true,"href":"http:\/\/studio-animacao.net\/blogo\/wp-json\/wp\/v2\/tags?post=1910"}],"curies":[{"name":"wp","href":"https:\/\/api.w.org\/{rel}","templated":true}]}}