{"id":227,"date":"2014-07-12T14:13:48","date_gmt":"2014-07-12T12:13:48","guid":{"rendered":"http:\/\/studio-animacao.net\/blogo\/?p=227"},"modified":"2014-07-12T14:13:48","modified_gmt":"2014-07-12T12:13:48","slug":"mireye-mag-la-suite","status":"publish","type":"post","link":"http:\/\/studio-animacao.net\/blogo\/mireye-mag-la-suite\/","title":{"rendered":"Mir(eye) Mag, la suite&#8230;"},"content":{"rendered":"<p>Le <strong>mercredi 9 juillet<\/strong>, les enfants pr\u00e9sents ont d\u00e9couvert le logiciel et ont commenc\u00e9 \u00e0 r\u00e9aliser les personnages qui figureront dans leurs sujets&#8230;<\/p>\n<p style=\"text-align: center;\"><a href=\"http:\/\/studio-animacao.net\/blogo\/wp-content\/uploads\/2014\/07\/2jourpieuvre.jpg\"><img decoding=\"async\" loading=\"lazy\" class=\"wp-image-230 alignleft\" src=\"http:\/\/studio-animacao.net\/blogo\/wp-content\/uploads\/2014\/07\/2jourpieuvre.jpg\" alt=\"2jourpieuvre\" width=\"294\" height=\"221\" srcset=\"http:\/\/studio-animacao.net\/blogo\/wp-content\/uploads\/2014\/07\/2jourpieuvre.jpg 369w, http:\/\/studio-animacao.net\/blogo\/wp-content\/uploads\/2014\/07\/2jourpieuvre-300x225.jpg 300w\" sizes=\"(max-width: 294px) 100vw, 294px\" \/><\/a> <a href=\"http:\/\/studio-animacao.net\/blogo\/wp-content\/uploads\/2014\/07\/2jourchicfille.jpg\"><img decoding=\"async\" loading=\"lazy\" class=\"aligncenter  wp-image-229\" src=\"http:\/\/studio-animacao.net\/blogo\/wp-content\/uploads\/2014\/07\/2jourchicfille.jpg\" alt=\"2jourchicfille\" width=\"350\" height=\"267\" srcset=\"http:\/\/studio-animacao.net\/blogo\/wp-content\/uploads\/2014\/07\/2jourchicfille.jpg 369w, http:\/\/studio-animacao.net\/blogo\/wp-content\/uploads\/2014\/07\/2jourchicfille-300x230.jpg 300w\" sizes=\"(max-width: 350px) 100vw, 350px\" \/><\/a>Pendant ce temps, d&rsquo;autres dessinaient des \u00e9l\u00e9ments qui serviront pour le g\u00e9n\u00e9rique&#8230;<\/p>\n<p style=\"text-align: center;\"><a href=\"http:\/\/studio-animacao.net\/blogo\/wp-content\/uploads\/2014\/07\/2jourgeneric.jpg\"><img decoding=\"async\" loading=\"lazy\" class=\"aligncenter wp-image-231\" src=\"http:\/\/studio-animacao.net\/blogo\/wp-content\/uploads\/2014\/07\/2jourgeneric.jpg\" alt=\"2jourgeneric\" width=\"224\" height=\"220\" \/><\/a>d&rsquo;autres, encore, se familiarisaient avec la manipulation de la marionnette!<\/p>\n<p style=\"text-align: center;\"><a href=\"http:\/\/studio-animacao.net\/blogo\/wp-content\/uploads\/2014\/07\/2jourcl\u00e9o2.jpg\"><img decoding=\"async\" loading=\"lazy\" class=\"aligncenter size-full wp-image-228\" src=\"http:\/\/studio-animacao.net\/blogo\/wp-content\/uploads\/2014\/07\/2jourcl\u00e9o2.jpg\" alt=\"2jourcl\u00e9o2\" width=\"425\" height=\"257\" srcset=\"http:\/\/studio-animacao.net\/blogo\/wp-content\/uploads\/2014\/07\/2jourcl\u00e9o2.jpg 425w, http:\/\/studio-animacao.net\/blogo\/wp-content\/uploads\/2014\/07\/2jourcl\u00e9o2-300x181.jpg 300w\" sizes=\"(max-width: 425px) 100vw, 425px\" \/><\/a><strong>Cette marionnette sera, finalement, une pr\u00e9sentatrice! Le pr\u00e9nom a m\u00eame \u00e9t\u00e9 choisi : ce sera Cl\u00e9o!<\/strong><\/p>\n","protected":false},"excerpt":{"rendered":"<p>Le mercredi 9 juillet, les enfants pr\u00e9sents ont d\u00e9couvert le logiciel et ont commenc\u00e9 \u00e0 r\u00e9aliser les personnages qui figureront dans leurs sujets&#8230; Pendant ce temps, d&rsquo;autres dessinaient des \u00e9l\u00e9ments qui serviront pour le g\u00e9n\u00e9rique&#8230; d&rsquo;autres, encore, se familiarisaient avec &hellip; <a href=\"http:\/\/studio-animacao.net\/blogo\/mireye-mag-la-suite\/\">Continuer la lecture <span class=\"meta-nav\">&rarr;<\/span><\/a><\/p>\n","protected":false},"author":1,"featured_media":0,"comment_status":"closed","ping_status":"open","sticky":false,"template":"","format":"standard","meta":[],"categories":[],"tags":[6,80,59,79,77,71,78],"yoast_head":"<!-- This site is optimized with the Yoast SEO plugin v20.9 - https:\/\/yoast.com\/wordpress\/plugins\/seo\/ -->\n<title>Mir(eye) Mag, la suite... - Le BLOGO d&#039;Anima\u00e7\u00e3o<\/title>\n<meta name=\"robots\" content=\"index, follow, max-snippet:-1, max-image-preview:large, max-video-preview:-1\" \/>\n<link rel=\"canonical\" href=\"http:\/\/studio-animacao.net\/blogo\/mireye-mag-la-suite\/\" \/>\n<meta property=\"og:locale\" content=\"fr_FR\" \/>\n<meta property=\"og:type\" content=\"article\" \/>\n<meta property=\"og:title\" content=\"Mir(eye) Mag, la suite... - Le BLOGO d&#039;Anima\u00e7\u00e3o\" \/>\n<meta property=\"og:description\" content=\"Le mercredi 9 juillet, les enfants pr\u00e9sents ont d\u00e9couvert le logiciel et ont commenc\u00e9 \u00e0 r\u00e9aliser les personnages qui figureront dans leurs sujets&#8230; Pendant ce temps, d&rsquo;autres dessinaient des \u00e9l\u00e9ments qui serviront pour le g\u00e9n\u00e9rique&#8230; d&rsquo;autres, encore, se familiarisaient avec &hellip; Continuer la lecture &rarr;\" \/>\n<meta property=\"og:url\" content=\"http:\/\/studio-animacao.net\/blogo\/mireye-mag-la-suite\/\" \/>\n<meta property=\"og:site_name\" content=\"Le BLOGO d&#039;Anima\u00e7\u00e3o\" \/>\n<meta property=\"article:publisher\" content=\"https:\/\/www.facebook.com\/associationAnimacao\" \/>\n<meta property=\"article:published_time\" content=\"2014-07-12T12:13:48+00:00\" \/>\n<meta property=\"og:image\" content=\"http:\/\/studio-animacao.net\/blogo\/wp-content\/uploads\/2014\/07\/2jourpieuvre.jpg\" \/>\n<meta name=\"author\" content=\"admin\" \/>\n<meta name=\"twitter:card\" content=\"summary_large_image\" \/>\n<meta name=\"twitter:label1\" content=\"\u00c9crit par\" \/>\n\t<meta name=\"twitter:data1\" content=\"admin\" \/>\n<script type=\"application\/ld+json\" class=\"yoast-schema-graph\">{\"@context\":\"https:\/\/schema.org\",\"@graph\":[{\"@type\":\"Article\",\"@id\":\"http:\/\/studio-animacao.net\/blogo\/mireye-mag-la-suite\/#article\",\"isPartOf\":{\"@id\":\"http:\/\/studio-animacao.net\/blogo\/mireye-mag-la-suite\/\"},\"author\":{\"name\":\"admin\",\"@id\":\"http:\/\/studio-animacao.net\/blogo\/#\/schema\/person\/d43605ef0d5681c1b27a4ba1fede1cf4\"},\"headline\":\"Mir(eye) Mag, la suite&#8230;\",\"datePublished\":\"2014-07-12T12:13:48+00:00\",\"dateModified\":\"2014-07-12T12:13:48+00:00\",\"mainEntityOfPage\":{\"@id\":\"http:\/\/studio-animacao.net\/blogo\/mireye-mag-la-suite\/\"},\"wordCount\":73,\"publisher\":{\"@id\":\"http:\/\/studio-animacao.net\/blogo\/#organization\"},\"keywords\":[\"Ateliers\",\"Cl\u00e9o\",\"gepetto\",\"La Reynerie\",\"mag\",\"mir(eye)\",\"Mirail\"],\"inLanguage\":\"fr-FR\"},{\"@type\":\"WebPage\",\"@id\":\"http:\/\/studio-animacao.net\/blogo\/mireye-mag-la-suite\/\",\"url\":\"http:\/\/studio-animacao.net\/blogo\/mireye-mag-la-suite\/\",\"name\":\"Mir(eye) Mag, la suite... - Le BLOGO d&#039;Anima\u00e7\u00e3o\",\"isPartOf\":{\"@id\":\"http:\/\/studio-animacao.net\/blogo\/#website\"},\"datePublished\":\"2014-07-12T12:13:48+00:00\",\"dateModified\":\"2014-07-12T12:13:48+00:00\",\"breadcrumb\":{\"@id\":\"http:\/\/studio-animacao.net\/blogo\/mireye-mag-la-suite\/#breadcrumb\"},\"inLanguage\":\"fr-FR\",\"potentialAction\":[{\"@type\":\"ReadAction\",\"target\":[\"http:\/\/studio-animacao.net\/blogo\/mireye-mag-la-suite\/\"]}]},{\"@type\":\"BreadcrumbList\",\"@id\":\"http:\/\/studio-animacao.net\/blogo\/mireye-mag-la-suite\/#breadcrumb\",\"itemListElement\":[{\"@type\":\"ListItem\",\"position\":1,\"name\":\"Accueil\",\"item\":\"http:\/\/studio-animacao.net\/blogo\/\"},{\"@type\":\"ListItem\",\"position\":2,\"name\":\"Mir(eye) Mag, la suite&#8230;\"}]},{\"@type\":\"WebSite\",\"@id\":\"http:\/\/studio-animacao.net\/blogo\/#website\",\"url\":\"http:\/\/studio-animacao.net\/blogo\/\",\"name\":\"Le BLOGO d'Anima\u00e7\u00e3o\",\"description\":\"le BLOGO des marios (net ou pas)\",\"publisher\":{\"@id\":\"http:\/\/studio-animacao.net\/blogo\/#organization\"},\"potentialAction\":[{\"@type\":\"SearchAction\",\"target\":{\"@type\":\"EntryPoint\",\"urlTemplate\":\"http:\/\/studio-animacao.net\/blogo\/?s={search_term_string}\"},\"query-input\":\"required name=search_term_string\"}],\"inLanguage\":\"fr-FR\"},{\"@type\":\"Organization\",\"@id\":\"http:\/\/studio-animacao.net\/blogo\/#organization\",\"name\":\"Le BLOGO d'Anima\u00e7\u00e3o\",\"url\":\"http:\/\/studio-animacao.net\/blogo\/\",\"logo\":{\"@type\":\"ImageObject\",\"inLanguage\":\"fr-FR\",\"@id\":\"http:\/\/studio-animacao.net\/blogo\/#\/schema\/logo\/image\/\",\"url\":\"http:\/\/studio-animacao.net\/blogo\/wp-content\/uploads\/2023\/06\/Animlogo.jpg\",\"contentUrl\":\"http:\/\/studio-animacao.net\/blogo\/wp-content\/uploads\/2023\/06\/Animlogo.jpg\",\"width\":400,\"height\":227,\"caption\":\"Le BLOGO d'Anima\u00e7\u00e3o\"},\"image\":{\"@id\":\"http:\/\/studio-animacao.net\/blogo\/#\/schema\/logo\/image\/\"},\"sameAs\":[\"https:\/\/www.facebook.com\/associationAnimacao\",\"https:\/\/www.instagram.com\/associationanimacao\/\"]},{\"@type\":\"Person\",\"@id\":\"http:\/\/studio-animacao.net\/blogo\/#\/schema\/person\/d43605ef0d5681c1b27a4ba1fede1cf4\",\"name\":\"admin\",\"image\":{\"@type\":\"ImageObject\",\"inLanguage\":\"fr-FR\",\"@id\":\"http:\/\/studio-animacao.net\/blogo\/#\/schema\/person\/image\/\",\"url\":\"http:\/\/2.gravatar.com\/avatar\/ecf3aaaf6b5e78c58493c9d6029e0fa2?s=96&d=mm&r=g\",\"contentUrl\":\"http:\/\/2.gravatar.com\/avatar\/ecf3aaaf6b5e78c58493c9d6029e0fa2?s=96&d=mm&r=g\",\"caption\":\"admin\"},\"url\":\"http:\/\/studio-animacao.net\/blogo\/author\/admin\/\"}]}<\/script>\n<!-- \/ Yoast SEO plugin. -->","yoast_head_json":{"title":"Mir(eye) Mag, la suite... - Le BLOGO d&#039;Anima\u00e7\u00e3o","robots":{"index":"index","follow":"follow","max-snippet":"max-snippet:-1","max-image-preview":"max-image-preview:large","max-video-preview":"max-video-preview:-1"},"canonical":"http:\/\/studio-animacao.net\/blogo\/mireye-mag-la-suite\/","og_locale":"fr_FR","og_type":"article","og_title":"Mir(eye) Mag, la suite... - Le BLOGO d&#039;Anima\u00e7\u00e3o","og_description":"Le mercredi 9 juillet, les enfants pr\u00e9sents ont d\u00e9couvert le logiciel et ont commenc\u00e9 \u00e0 r\u00e9aliser les personnages qui figureront dans leurs sujets&#8230; Pendant ce temps, d&rsquo;autres dessinaient des \u00e9l\u00e9ments qui serviront pour le g\u00e9n\u00e9rique&#8230; d&rsquo;autres, encore, se familiarisaient avec &hellip; Continuer la lecture &rarr;","og_url":"http:\/\/studio-animacao.net\/blogo\/mireye-mag-la-suite\/","og_site_name":"Le BLOGO d&#039;Anima\u00e7\u00e3o","article_publisher":"https:\/\/www.facebook.com\/associationAnimacao","article_published_time":"2014-07-12T12:13:48+00:00","og_image":[{"url":"http:\/\/studio-animacao.net\/blogo\/wp-content\/uploads\/2014\/07\/2jourpieuvre.jpg"}],"author":"admin","twitter_card":"summary_large_image","twitter_misc":{"\u00c9crit par":"admin"},"schema":{"@context":"https:\/\/schema.org","@graph":[{"@type":"Article","@id":"http:\/\/studio-animacao.net\/blogo\/mireye-mag-la-suite\/#article","isPartOf":{"@id":"http:\/\/studio-animacao.net\/blogo\/mireye-mag-la-suite\/"},"author":{"name":"admin","@id":"http:\/\/studio-animacao.net\/blogo\/#\/schema\/person\/d43605ef0d5681c1b27a4ba1fede1cf4"},"headline":"Mir(eye) Mag, la suite&#8230;","datePublished":"2014-07-12T12:13:48+00:00","dateModified":"2014-07-12T12:13:48+00:00","mainEntityOfPage":{"@id":"http:\/\/studio-animacao.net\/blogo\/mireye-mag-la-suite\/"},"wordCount":73,"publisher":{"@id":"http:\/\/studio-animacao.net\/blogo\/#organization"},"keywords":["Ateliers","Cl\u00e9o","gepetto","La Reynerie","mag","mir(eye)","Mirail"],"inLanguage":"fr-FR"},{"@type":"WebPage","@id":"http:\/\/studio-animacao.net\/blogo\/mireye-mag-la-suite\/","url":"http:\/\/studio-animacao.net\/blogo\/mireye-mag-la-suite\/","name":"Mir(eye) Mag, la suite... - Le BLOGO d&#039;Anima\u00e7\u00e3o","isPartOf":{"@id":"http:\/\/studio-animacao.net\/blogo\/#website"},"datePublished":"2014-07-12T12:13:48+00:00","dateModified":"2014-07-12T12:13:48+00:00","breadcrumb":{"@id":"http:\/\/studio-animacao.net\/blogo\/mireye-mag-la-suite\/#breadcrumb"},"inLanguage":"fr-FR","potentialAction":[{"@type":"ReadAction","target":["http:\/\/studio-animacao.net\/blogo\/mireye-mag-la-suite\/"]}]},{"@type":"BreadcrumbList","@id":"http:\/\/studio-animacao.net\/blogo\/mireye-mag-la-suite\/#breadcrumb","itemListElement":[{"@type":"ListItem","position":1,"name":"Accueil","item":"http:\/\/studio-animacao.net\/blogo\/"},{"@type":"ListItem","position":2,"name":"Mir(eye) Mag, la suite&#8230;"}]},{"@type":"WebSite","@id":"http:\/\/studio-animacao.net\/blogo\/#website","url":"http:\/\/studio-animacao.net\/blogo\/","name":"Le BLOGO d'Anima\u00e7\u00e3o","description":"le BLOGO des marios (net ou pas)","publisher":{"@id":"http:\/\/studio-animacao.net\/blogo\/#organization"},"potentialAction":[{"@type":"SearchAction","target":{"@type":"EntryPoint","urlTemplate":"http:\/\/studio-animacao.net\/blogo\/?s={search_term_string}"},"query-input":"required name=search_term_string"}],"inLanguage":"fr-FR"},{"@type":"Organization","@id":"http:\/\/studio-animacao.net\/blogo\/#organization","name":"Le BLOGO d'Anima\u00e7\u00e3o","url":"http:\/\/studio-animacao.net\/blogo\/","logo":{"@type":"ImageObject","inLanguage":"fr-FR","@id":"http:\/\/studio-animacao.net\/blogo\/#\/schema\/logo\/image\/","url":"http:\/\/studio-animacao.net\/blogo\/wp-content\/uploads\/2023\/06\/Animlogo.jpg","contentUrl":"http:\/\/studio-animacao.net\/blogo\/wp-content\/uploads\/2023\/06\/Animlogo.jpg","width":400,"height":227,"caption":"Le BLOGO d'Anima\u00e7\u00e3o"},"image":{"@id":"http:\/\/studio-animacao.net\/blogo\/#\/schema\/logo\/image\/"},"sameAs":["https:\/\/www.facebook.com\/associationAnimacao","https:\/\/www.instagram.com\/associationanimacao\/"]},{"@type":"Person","@id":"http:\/\/studio-animacao.net\/blogo\/#\/schema\/person\/d43605ef0d5681c1b27a4ba1fede1cf4","name":"admin","image":{"@type":"ImageObject","inLanguage":"fr-FR","@id":"http:\/\/studio-animacao.net\/blogo\/#\/schema\/person\/image\/","url":"http:\/\/2.gravatar.com\/avatar\/ecf3aaaf6b5e78c58493c9d6029e0fa2?s=96&d=mm&r=g","contentUrl":"http:\/\/2.gravatar.com\/avatar\/ecf3aaaf6b5e78c58493c9d6029e0fa2?s=96&d=mm&r=g","caption":"admin"},"url":"http:\/\/studio-animacao.net\/blogo\/author\/admin\/"}]}},"_links":{"self":[{"href":"http:\/\/studio-animacao.net\/blogo\/wp-json\/wp\/v2\/posts\/227"}],"collection":[{"href":"http:\/\/studio-animacao.net\/blogo\/wp-json\/wp\/v2\/posts"}],"about":[{"href":"http:\/\/studio-animacao.net\/blogo\/wp-json\/wp\/v2\/types\/post"}],"author":[{"embeddable":true,"href":"http:\/\/studio-animacao.net\/blogo\/wp-json\/wp\/v2\/users\/1"}],"replies":[{"embeddable":true,"href":"http:\/\/studio-animacao.net\/blogo\/wp-json\/wp\/v2\/comments?post=227"}],"version-history":[{"count":1,"href":"http:\/\/studio-animacao.net\/blogo\/wp-json\/wp\/v2\/posts\/227\/revisions"}],"predecessor-version":[{"id":233,"href":"http:\/\/studio-animacao.net\/blogo\/wp-json\/wp\/v2\/posts\/227\/revisions\/233"}],"wp:attachment":[{"href":"http:\/\/studio-animacao.net\/blogo\/wp-json\/wp\/v2\/media?parent=227"}],"wp:term":[{"taxonomy":"category","embeddable":true,"href":"http:\/\/studio-animacao.net\/blogo\/wp-json\/wp\/v2\/categories?post=227"},{"taxonomy":"post_tag","embeddable":true,"href":"http:\/\/studio-animacao.net\/blogo\/wp-json\/wp\/v2\/tags?post=227"}],"curies":[{"name":"wp","href":"https:\/\/api.w.org\/{rel}","templated":true}]}}