{"id":2293,"date":"2022-09-17T10:17:25","date_gmt":"2022-09-17T08:17:25","guid":{"rendered":"http:\/\/studio-animacao.net\/blogo\/?p=2293"},"modified":"2022-09-17T10:17:25","modified_gmt":"2022-09-17T08:17:25","slug":"a-mon-age-2","status":"publish","type":"post","link":"http:\/\/studio-animacao.net\/blogo\/a-mon-age-2\/","title":{"rendered":"\u00ab\u00a0A mon \u00e2ge&#8230;\u00a0\u00bb"},"content":{"rendered":"\n<p>Ce documentaire anim\u00e9 a \u00e9t\u00e9 r\u00e9alis\u00e9, dans le cadre du dispositif Passeurs d&rsquo;Images, par un groupe de jeune Centre Action Sociale Jeunesse du centre social Azimut \u00e0 Saint Gaudens.<\/p>\n\n\n\n<div class=\"wp-block-image\"><figure class=\"aligncenter is-resized\"><img decoding=\"async\" loading=\"lazy\" src=\"http:\/\/studio-animacao.net\/blogo\/wp-content\/uploads\/2022\/09\/ama5-tablette2-1024x768.jpg\" alt=\"\" class=\"wp-image-2294\" width=\"512\" height=\"384\" srcset=\"http:\/\/studio-animacao.net\/blogo\/wp-content\/uploads\/2022\/09\/ama5-tablette2-1024x768.jpg 1024w, http:\/\/studio-animacao.net\/blogo\/wp-content\/uploads\/2022\/09\/ama5-tablette2-300x225.jpg 300w, http:\/\/studio-animacao.net\/blogo\/wp-content\/uploads\/2022\/09\/ama5-tablette2-768x576.jpg 768w, http:\/\/studio-animacao.net\/blogo\/wp-content\/uploads\/2022\/09\/ama5-tablette2.jpg 1181w\" sizes=\"(max-width: 512px) 100vw, 512px\" \/><\/figure><\/div>\n\n\n\n<p> Encadr\u00e9s par deux professionnels du cin\u00e9ma d&rsquo;animation, ils ont \u00e9crit puis cr\u00e9\u00e9 ce documentaire \u00e0 partir d&rsquo;interviews d&rsquo;adultes sur la jeunesse.<\/p>\n\n\n\n<div class=\"wp-block-image\"><figure class=\"aligncenter is-resized\"><img decoding=\"async\" loading=\"lazy\" src=\"http:\/\/studio-animacao.net\/blogo\/wp-content\/uploads\/2022\/09\/ama2-lol2-1024x768.jpg\" alt=\"\" class=\"wp-image-2295\" width=\"512\" height=\"384\" srcset=\"http:\/\/studio-animacao.net\/blogo\/wp-content\/uploads\/2022\/09\/ama2-lol2-1024x768.jpg 1024w, http:\/\/studio-animacao.net\/blogo\/wp-content\/uploads\/2022\/09\/ama2-lol2-300x225.jpg 300w, http:\/\/studio-animacao.net\/blogo\/wp-content\/uploads\/2022\/09\/ama2-lol2-768x576.jpg 768w, http:\/\/studio-animacao.net\/blogo\/wp-content\/uploads\/2022\/09\/ama2-lol2.jpg 1181w\" sizes=\"(max-width: 512px) 100vw, 512px\" \/><\/figure><\/div>\n\n\n\n<p>A l&rsquo;aide de diff\u00e9rentes techniques (animation 3D, MOCAP, p\u00e2te \u00e0 modeler, dessin anim\u00e9, stop motion&#8230;), ils ont illustr\u00e9 les s\u00e9quences d&rsquo;interviews.<\/p>\n\n\n\n<div class=\"wp-block-image\"><figure class=\"aligncenter is-resized\"><img decoding=\"async\" loading=\"lazy\" src=\"http:\/\/studio-animacao.net\/blogo\/wp-content\/uploads\/2022\/09\/ama8-omarecran2-1024x768.jpg\" alt=\"\" class=\"wp-image-2296\" width=\"512\" height=\"384\" srcset=\"http:\/\/studio-animacao.net\/blogo\/wp-content\/uploads\/2022\/09\/ama8-omarecran2-1024x768.jpg 1024w, http:\/\/studio-animacao.net\/blogo\/wp-content\/uploads\/2022\/09\/ama8-omarecran2-300x225.jpg 300w, http:\/\/studio-animacao.net\/blogo\/wp-content\/uploads\/2022\/09\/ama8-omarecran2-768x576.jpg 768w, http:\/\/studio-animacao.net\/blogo\/wp-content\/uploads\/2022\/09\/ama8-omarecran2.jpg 1181w\" sizes=\"(max-width: 512px) 100vw, 512px\" \/><\/figure><\/div>\n\n\n\n<p>Le film a \u00e9t\u00e9 projet\u00e9 le 14 septembre au Centre social Azimut&#8230;<\/p>\n\n\n\n<figure><iframe loading=\"lazy\" src=\"https:\/\/www.youtube.com\/embed\/LYFBXk3_RlI\" allowfullscreen=\"\" width=\"560\" height=\"315\"><\/iframe><\/figure>\n","protected":false},"excerpt":{"rendered":"<p>Ce documentaire anim\u00e9 a \u00e9t\u00e9 r\u00e9alis\u00e9, dans le cadre du dispositif Passeurs d&rsquo;Images, par un groupe de jeune Centre Action Sociale Jeunesse du centre social Azimut \u00e0 Saint Gaudens. Encadr\u00e9s par deux professionnels du cin\u00e9ma d&rsquo;animation, ils ont \u00e9crit puis &hellip; <a href=\"http:\/\/studio-animacao.net\/blogo\/a-mon-age-2\/\">Continuer la lecture <span class=\"meta-nav\">&rarr;<\/span><\/a><\/p>\n","protected":false},"author":1,"featured_media":0,"comment_status":"open","ping_status":"open","sticky":false,"template":"","format":"standard","meta":[],"categories":[1],"tags":[],"yoast_head":"<!-- This site is optimized with the Yoast SEO plugin v20.9 - https:\/\/yoast.com\/wordpress\/plugins\/seo\/ -->\n<title>&quot;A mon \u00e2ge...&quot; - Le BLOGO d&#039;Anima\u00e7\u00e3o<\/title>\n<meta name=\"robots\" content=\"index, follow, max-snippet:-1, max-image-preview:large, max-video-preview:-1\" \/>\n<link rel=\"canonical\" href=\"http:\/\/studio-animacao.net\/blogo\/a-mon-age-2\/\" \/>\n<meta property=\"og:locale\" content=\"fr_FR\" \/>\n<meta property=\"og:type\" content=\"article\" \/>\n<meta property=\"og:title\" content=\"&quot;A mon \u00e2ge...&quot; - Le BLOGO d&#039;Anima\u00e7\u00e3o\" \/>\n<meta property=\"og:description\" content=\"Ce documentaire anim\u00e9 a \u00e9t\u00e9 r\u00e9alis\u00e9, dans le cadre du dispositif Passeurs d&rsquo;Images, par un groupe de jeune Centre Action Sociale Jeunesse du centre social Azimut \u00e0 Saint Gaudens. Encadr\u00e9s par deux professionnels du cin\u00e9ma d&rsquo;animation, ils ont \u00e9crit puis &hellip; Continuer la lecture &rarr;\" \/>\n<meta property=\"og:url\" content=\"http:\/\/studio-animacao.net\/blogo\/a-mon-age-2\/\" \/>\n<meta property=\"og:site_name\" content=\"Le BLOGO d&#039;Anima\u00e7\u00e3o\" \/>\n<meta property=\"article:publisher\" content=\"https:\/\/www.facebook.com\/associationAnimacao\" \/>\n<meta property=\"article:published_time\" content=\"2022-09-17T08:17:25+00:00\" \/>\n<meta property=\"og:image\" content=\"http:\/\/studio-animacao.net\/blogo\/wp-content\/uploads\/2022\/09\/ama5-tablette2-1024x768.jpg\" \/>\n<meta name=\"author\" content=\"admin\" \/>\n<meta name=\"twitter:card\" content=\"summary_large_image\" \/>\n<meta name=\"twitter:label1\" content=\"\u00c9crit par\" \/>\n\t<meta name=\"twitter:data1\" content=\"admin\" \/>\n<script type=\"application\/ld+json\" class=\"yoast-schema-graph\">{\"@context\":\"https:\/\/schema.org\",\"@graph\":[{\"@type\":\"Article\",\"@id\":\"http:\/\/studio-animacao.net\/blogo\/a-mon-age-2\/#article\",\"isPartOf\":{\"@id\":\"http:\/\/studio-animacao.net\/blogo\/a-mon-age-2\/\"},\"author\":{\"name\":\"admin\",\"@id\":\"http:\/\/studio-animacao.net\/blogo\/#\/schema\/person\/d43605ef0d5681c1b27a4ba1fede1cf4\"},\"headline\":\"\u00ab\u00a0A mon \u00e2ge&#8230;\u00a0\u00bb\",\"datePublished\":\"2022-09-17T08:17:25+00:00\",\"dateModified\":\"2022-09-17T08:17:25+00:00\",\"mainEntityOfPage\":{\"@id\":\"http:\/\/studio-animacao.net\/blogo\/a-mon-age-2\/\"},\"wordCount\":88,\"commentCount\":0,\"publisher\":{\"@id\":\"http:\/\/studio-animacao.net\/blogo\/#organization\"},\"articleSection\":[\"Uncategorized\"],\"inLanguage\":\"fr-FR\",\"potentialAction\":[{\"@type\":\"CommentAction\",\"name\":\"Comment\",\"target\":[\"http:\/\/studio-animacao.net\/blogo\/a-mon-age-2\/#respond\"]}]},{\"@type\":\"WebPage\",\"@id\":\"http:\/\/studio-animacao.net\/blogo\/a-mon-age-2\/\",\"url\":\"http:\/\/studio-animacao.net\/blogo\/a-mon-age-2\/\",\"name\":\"\\\"A mon \u00e2ge...\\\" - Le BLOGO d&#039;Anima\u00e7\u00e3o\",\"isPartOf\":{\"@id\":\"http:\/\/studio-animacao.net\/blogo\/#website\"},\"datePublished\":\"2022-09-17T08:17:25+00:00\",\"dateModified\":\"2022-09-17T08:17:25+00:00\",\"breadcrumb\":{\"@id\":\"http:\/\/studio-animacao.net\/blogo\/a-mon-age-2\/#breadcrumb\"},\"inLanguage\":\"fr-FR\",\"potentialAction\":[{\"@type\":\"ReadAction\",\"target\":[\"http:\/\/studio-animacao.net\/blogo\/a-mon-age-2\/\"]}]},{\"@type\":\"BreadcrumbList\",\"@id\":\"http:\/\/studio-animacao.net\/blogo\/a-mon-age-2\/#breadcrumb\",\"itemListElement\":[{\"@type\":\"ListItem\",\"position\":1,\"name\":\"Accueil\",\"item\":\"http:\/\/studio-animacao.net\/blogo\/\"},{\"@type\":\"ListItem\",\"position\":2,\"name\":\"\u00ab\u00a0A mon \u00e2ge&#8230;\u00a0\u00bb\"}]},{\"@type\":\"WebSite\",\"@id\":\"http:\/\/studio-animacao.net\/blogo\/#website\",\"url\":\"http:\/\/studio-animacao.net\/blogo\/\",\"name\":\"Le BLOGO d'Anima\u00e7\u00e3o\",\"description\":\"le BLOGO des marios (net ou pas)\",\"publisher\":{\"@id\":\"http:\/\/studio-animacao.net\/blogo\/#organization\"},\"potentialAction\":[{\"@type\":\"SearchAction\",\"target\":{\"@type\":\"EntryPoint\",\"urlTemplate\":\"http:\/\/studio-animacao.net\/blogo\/?s={search_term_string}\"},\"query-input\":\"required name=search_term_string\"}],\"inLanguage\":\"fr-FR\"},{\"@type\":\"Organization\",\"@id\":\"http:\/\/studio-animacao.net\/blogo\/#organization\",\"name\":\"Le BLOGO d'Anima\u00e7\u00e3o\",\"url\":\"http:\/\/studio-animacao.net\/blogo\/\",\"logo\":{\"@type\":\"ImageObject\",\"inLanguage\":\"fr-FR\",\"@id\":\"http:\/\/studio-animacao.net\/blogo\/#\/schema\/logo\/image\/\",\"url\":\"http:\/\/studio-animacao.net\/blogo\/wp-content\/uploads\/2023\/06\/Animlogo.jpg\",\"contentUrl\":\"http:\/\/studio-animacao.net\/blogo\/wp-content\/uploads\/2023\/06\/Animlogo.jpg\",\"width\":400,\"height\":227,\"caption\":\"Le BLOGO d'Anima\u00e7\u00e3o\"},\"image\":{\"@id\":\"http:\/\/studio-animacao.net\/blogo\/#\/schema\/logo\/image\/\"},\"sameAs\":[\"https:\/\/www.facebook.com\/associationAnimacao\",\"https:\/\/www.instagram.com\/associationanimacao\/\"]},{\"@type\":\"Person\",\"@id\":\"http:\/\/studio-animacao.net\/blogo\/#\/schema\/person\/d43605ef0d5681c1b27a4ba1fede1cf4\",\"name\":\"admin\",\"image\":{\"@type\":\"ImageObject\",\"inLanguage\":\"fr-FR\",\"@id\":\"http:\/\/studio-animacao.net\/blogo\/#\/schema\/person\/image\/\",\"url\":\"http:\/\/2.gravatar.com\/avatar\/ecf3aaaf6b5e78c58493c9d6029e0fa2?s=96&d=mm&r=g\",\"contentUrl\":\"http:\/\/2.gravatar.com\/avatar\/ecf3aaaf6b5e78c58493c9d6029e0fa2?s=96&d=mm&r=g\",\"caption\":\"admin\"},\"url\":\"http:\/\/studio-animacao.net\/blogo\/author\/admin\/\"}]}<\/script>\n<!-- \/ Yoast SEO plugin. -->","yoast_head_json":{"title":"\"A mon \u00e2ge...\" - Le BLOGO d&#039;Anima\u00e7\u00e3o","robots":{"index":"index","follow":"follow","max-snippet":"max-snippet:-1","max-image-preview":"max-image-preview:large","max-video-preview":"max-video-preview:-1"},"canonical":"http:\/\/studio-animacao.net\/blogo\/a-mon-age-2\/","og_locale":"fr_FR","og_type":"article","og_title":"\"A mon \u00e2ge...\" - Le BLOGO d&#039;Anima\u00e7\u00e3o","og_description":"Ce documentaire anim\u00e9 a \u00e9t\u00e9 r\u00e9alis\u00e9, dans le cadre du dispositif Passeurs d&rsquo;Images, par un groupe de jeune Centre Action Sociale Jeunesse du centre social Azimut \u00e0 Saint Gaudens. Encadr\u00e9s par deux professionnels du cin\u00e9ma d&rsquo;animation, ils ont \u00e9crit puis &hellip; Continuer la lecture &rarr;","og_url":"http:\/\/studio-animacao.net\/blogo\/a-mon-age-2\/","og_site_name":"Le BLOGO d&#039;Anima\u00e7\u00e3o","article_publisher":"https:\/\/www.facebook.com\/associationAnimacao","article_published_time":"2022-09-17T08:17:25+00:00","og_image":[{"url":"http:\/\/studio-animacao.net\/blogo\/wp-content\/uploads\/2022\/09\/ama5-tablette2-1024x768.jpg"}],"author":"admin","twitter_card":"summary_large_image","twitter_misc":{"\u00c9crit par":"admin"},"schema":{"@context":"https:\/\/schema.org","@graph":[{"@type":"Article","@id":"http:\/\/studio-animacao.net\/blogo\/a-mon-age-2\/#article","isPartOf":{"@id":"http:\/\/studio-animacao.net\/blogo\/a-mon-age-2\/"},"author":{"name":"admin","@id":"http:\/\/studio-animacao.net\/blogo\/#\/schema\/person\/d43605ef0d5681c1b27a4ba1fede1cf4"},"headline":"\u00ab\u00a0A mon \u00e2ge&#8230;\u00a0\u00bb","datePublished":"2022-09-17T08:17:25+00:00","dateModified":"2022-09-17T08:17:25+00:00","mainEntityOfPage":{"@id":"http:\/\/studio-animacao.net\/blogo\/a-mon-age-2\/"},"wordCount":88,"commentCount":0,"publisher":{"@id":"http:\/\/studio-animacao.net\/blogo\/#organization"},"articleSection":["Uncategorized"],"inLanguage":"fr-FR","potentialAction":[{"@type":"CommentAction","name":"Comment","target":["http:\/\/studio-animacao.net\/blogo\/a-mon-age-2\/#respond"]}]},{"@type":"WebPage","@id":"http:\/\/studio-animacao.net\/blogo\/a-mon-age-2\/","url":"http:\/\/studio-animacao.net\/blogo\/a-mon-age-2\/","name":"\"A mon \u00e2ge...\" - Le BLOGO d&#039;Anima\u00e7\u00e3o","isPartOf":{"@id":"http:\/\/studio-animacao.net\/blogo\/#website"},"datePublished":"2022-09-17T08:17:25+00:00","dateModified":"2022-09-17T08:17:25+00:00","breadcrumb":{"@id":"http:\/\/studio-animacao.net\/blogo\/a-mon-age-2\/#breadcrumb"},"inLanguage":"fr-FR","potentialAction":[{"@type":"ReadAction","target":["http:\/\/studio-animacao.net\/blogo\/a-mon-age-2\/"]}]},{"@type":"BreadcrumbList","@id":"http:\/\/studio-animacao.net\/blogo\/a-mon-age-2\/#breadcrumb","itemListElement":[{"@type":"ListItem","position":1,"name":"Accueil","item":"http:\/\/studio-animacao.net\/blogo\/"},{"@type":"ListItem","position":2,"name":"\u00ab\u00a0A mon \u00e2ge&#8230;\u00a0\u00bb"}]},{"@type":"WebSite","@id":"http:\/\/studio-animacao.net\/blogo\/#website","url":"http:\/\/studio-animacao.net\/blogo\/","name":"Le BLOGO d'Anima\u00e7\u00e3o","description":"le BLOGO des marios (net ou pas)","publisher":{"@id":"http:\/\/studio-animacao.net\/blogo\/#organization"},"potentialAction":[{"@type":"SearchAction","target":{"@type":"EntryPoint","urlTemplate":"http:\/\/studio-animacao.net\/blogo\/?s={search_term_string}"},"query-input":"required name=search_term_string"}],"inLanguage":"fr-FR"},{"@type":"Organization","@id":"http:\/\/studio-animacao.net\/blogo\/#organization","name":"Le BLOGO d'Anima\u00e7\u00e3o","url":"http:\/\/studio-animacao.net\/blogo\/","logo":{"@type":"ImageObject","inLanguage":"fr-FR","@id":"http:\/\/studio-animacao.net\/blogo\/#\/schema\/logo\/image\/","url":"http:\/\/studio-animacao.net\/blogo\/wp-content\/uploads\/2023\/06\/Animlogo.jpg","contentUrl":"http:\/\/studio-animacao.net\/blogo\/wp-content\/uploads\/2023\/06\/Animlogo.jpg","width":400,"height":227,"caption":"Le BLOGO d'Anima\u00e7\u00e3o"},"image":{"@id":"http:\/\/studio-animacao.net\/blogo\/#\/schema\/logo\/image\/"},"sameAs":["https:\/\/www.facebook.com\/associationAnimacao","https:\/\/www.instagram.com\/associationanimacao\/"]},{"@type":"Person","@id":"http:\/\/studio-animacao.net\/blogo\/#\/schema\/person\/d43605ef0d5681c1b27a4ba1fede1cf4","name":"admin","image":{"@type":"ImageObject","inLanguage":"fr-FR","@id":"http:\/\/studio-animacao.net\/blogo\/#\/schema\/person\/image\/","url":"http:\/\/2.gravatar.com\/avatar\/ecf3aaaf6b5e78c58493c9d6029e0fa2?s=96&d=mm&r=g","contentUrl":"http:\/\/2.gravatar.com\/avatar\/ecf3aaaf6b5e78c58493c9d6029e0fa2?s=96&d=mm&r=g","caption":"admin"},"url":"http:\/\/studio-animacao.net\/blogo\/author\/admin\/"}]}},"_links":{"self":[{"href":"http:\/\/studio-animacao.net\/blogo\/wp-json\/wp\/v2\/posts\/2293"}],"collection":[{"href":"http:\/\/studio-animacao.net\/blogo\/wp-json\/wp\/v2\/posts"}],"about":[{"href":"http:\/\/studio-animacao.net\/blogo\/wp-json\/wp\/v2\/types\/post"}],"author":[{"embeddable":true,"href":"http:\/\/studio-animacao.net\/blogo\/wp-json\/wp\/v2\/users\/1"}],"replies":[{"embeddable":true,"href":"http:\/\/studio-animacao.net\/blogo\/wp-json\/wp\/v2\/comments?post=2293"}],"version-history":[{"count":1,"href":"http:\/\/studio-animacao.net\/blogo\/wp-json\/wp\/v2\/posts\/2293\/revisions"}],"predecessor-version":[{"id":2297,"href":"http:\/\/studio-animacao.net\/blogo\/wp-json\/wp\/v2\/posts\/2293\/revisions\/2297"}],"wp:attachment":[{"href":"http:\/\/studio-animacao.net\/blogo\/wp-json\/wp\/v2\/media?parent=2293"}],"wp:term":[{"taxonomy":"category","embeddable":true,"href":"http:\/\/studio-animacao.net\/blogo\/wp-json\/wp\/v2\/categories?post=2293"},{"taxonomy":"post_tag","embeddable":true,"href":"http:\/\/studio-animacao.net\/blogo\/wp-json\/wp\/v2\/tags?post=2293"}],"curies":[{"name":"wp","href":"https:\/\/api.w.org\/{rel}","templated":true}]}}