{"id":234,"date":"2014-07-15T19:10:28","date_gmt":"2014-07-15T17:10:28","guid":{"rendered":"http:\/\/studio-animacao.net\/blogo\/?p=234"},"modified":"2014-07-15T19:10:28","modified_gmt":"2014-07-15T17:10:28","slug":"mireye-mag-premier-jour-de-tournage","status":"publish","type":"post","link":"http:\/\/studio-animacao.net\/blogo\/mireye-mag-premier-jour-de-tournage\/","title":{"rendered":"Mireye Mag : premier jour de tournage!"},"content":{"rendered":"<p style=\"text-align: center;\">Nous avons commenc\u00e9 le tournage sous le soleil!<\/p>\n<p style=\"text-align: center;\"><a href=\"http:\/\/studio-animacao.net\/blogo\/wp-content\/uploads\/2014\/07\/cleolac.jpg\"><img decoding=\"async\" loading=\"lazy\" class=\"aligncenter size-full wp-image-237\" src=\"http:\/\/studio-animacao.net\/blogo\/wp-content\/uploads\/2014\/07\/cleolac.jpg\" alt=\"cleolac\" width=\"425\" height=\"296\" srcset=\"http:\/\/studio-animacao.net\/blogo\/wp-content\/uploads\/2014\/07\/cleolac.jpg 425w, http:\/\/studio-animacao.net\/blogo\/wp-content\/uploads\/2014\/07\/cleolac-300x208.jpg 300w\" sizes=\"(max-width: 425px) 100vw, 425px\" \/><\/a>Cl\u00e9o \u00e9tait fin pr\u00eate pour le tournage et a \u00e9cout\u00e9 attentivement les directives de r\u00e9alisateur.<\/p>\n<p style=\"text-align: center;\"><a href=\"http:\/\/studio-animacao.net\/blogo\/wp-content\/uploads\/2014\/07\/jahcomise.jpg\"><img decoding=\"async\" loading=\"lazy\" class=\"aligncenter size-full wp-image-235\" src=\"http:\/\/studio-animacao.net\/blogo\/wp-content\/uploads\/2014\/07\/jahcomise.jpg\" alt=\"jahcomise\" width=\"425\" height=\"319\" srcset=\"http:\/\/studio-animacao.net\/blogo\/wp-content\/uploads\/2014\/07\/jahcomise.jpg 425w, http:\/\/studio-animacao.net\/blogo\/wp-content\/uploads\/2014\/07\/jahcomise-300x225.jpg 300w\" sizes=\"(max-width: 425px) 100vw, 425px\" \/><\/a>Le r\u00e9alisateur, lui, n&rsquo;h\u00e9sitait pas \u00e0 chercher les angles les plus int\u00e9ressants&#8230;<a href=\"http:\/\/studio-animacao.net\/blogo\/wp-content\/uploads\/2014\/07\/priseson.jpg\"><img decoding=\"async\" loading=\"lazy\" class=\"aligncenter size-large wp-image-236\" src=\"http:\/\/studio-animacao.net\/blogo\/wp-content\/uploads\/2014\/07\/priseson.jpg\" alt=\"priseson\" width=\"425\" height=\"319\" srcset=\"http:\/\/studio-animacao.net\/blogo\/wp-content\/uploads\/2014\/07\/priseson.jpg 425w, http:\/\/studio-animacao.net\/blogo\/wp-content\/uploads\/2014\/07\/priseson-300x225.jpg 300w\" sizes=\"(max-width: 425px) 100vw, 425px\" \/><\/a>A la prise de son, on appuyait pas toujours sur le bon bouton&#8230;ou au bon moment!!!<\/p>\n<p style=\"text-align: center;\"><a href=\"http:\/\/studio-animacao.net\/blogo\/wp-content\/uploads\/2014\/07\/lectureinram.jpg\"><img decoding=\"async\" loading=\"lazy\" class=\"aligncenter size-large wp-image-240\" src=\"http:\/\/studio-animacao.net\/blogo\/wp-content\/uploads\/2014\/07\/lectureinram.jpg\" alt=\"lectureinram\" width=\"425\" height=\"357\" srcset=\"http:\/\/studio-animacao.net\/blogo\/wp-content\/uploads\/2014\/07\/lectureinram.jpg 425w, http:\/\/studio-animacao.net\/blogo\/wp-content\/uploads\/2014\/07\/lectureinram-300x252.jpg 300w\" sizes=\"(max-width: 425px) 100vw, 425px\" \/><\/a>Pendant ce temps Inram,\u00a0 la plus studieuse, relisait le script et r\u00e9p\u00e9tait le texte.<\/p>\n<p style=\"text-align: center;\"><a href=\"http:\/\/studio-animacao.net\/blogo\/wp-content\/uploads\/2014\/07\/jahcofleurs.jpg\"><img decoding=\"async\" loading=\"lazy\" class=\"aligncenter size-large wp-image-239\" src=\"http:\/\/studio-animacao.net\/blogo\/wp-content\/uploads\/2014\/07\/jahcofleurs.jpg\" alt=\"jahcofleurs\" width=\"425\" height=\"304\" srcset=\"http:\/\/studio-animacao.net\/blogo\/wp-content\/uploads\/2014\/07\/jahcofleurs.jpg 425w, http:\/\/studio-animacao.net\/blogo\/wp-content\/uploads\/2014\/07\/jahcofleurs-300x214.jpg 300w\" sizes=\"(max-width: 425px) 100vw, 425px\" \/><\/a>Nous avons d\u00e9couvert, tout au long de la matin\u00e9e, de tr\u00e8s jolis endroits&#8230;<\/p>\n<p style=\"text-align: center;\"><a href=\"http:\/\/studio-animacao.net\/blogo\/wp-content\/uploads\/2014\/07\/tournagejour1fin2.jpg\"><img decoding=\"async\" loading=\"lazy\" class=\"aligncenter size-large wp-image-238\" src=\"http:\/\/studio-animacao.net\/blogo\/wp-content\/uploads\/2014\/07\/tournagejour1fin2.jpg\" alt=\"tournagejour1fin2\" width=\"425\" height=\"320\" srcset=\"http:\/\/studio-animacao.net\/blogo\/wp-content\/uploads\/2014\/07\/tournagejour1fin2.jpg 425w, http:\/\/studio-animacao.net\/blogo\/wp-content\/uploads\/2014\/07\/tournagejour1fin2-300x225.jpg 300w\" sizes=\"(max-width: 425px) 100vw, 425px\" \/><\/a>puis termin\u00e9 ce premier jour de tournage.<\/p>\n","protected":false},"excerpt":{"rendered":"<p>Nous avons commenc\u00e9 le tournage sous le soleil! Cl\u00e9o \u00e9tait fin pr\u00eate pour le tournage et a \u00e9cout\u00e9 attentivement les directives de r\u00e9alisateur. Le r\u00e9alisateur, lui, n&rsquo;h\u00e9sitait pas \u00e0 chercher les angles les plus int\u00e9ressants&#8230;A la prise de son, on &hellip; <a href=\"http:\/\/studio-animacao.net\/blogo\/mireye-mag-premier-jour-de-tournage\/\">Continuer la lecture <span class=\"meta-nav\">&rarr;<\/span><\/a><\/p>\n","protected":false},"author":1,"featured_media":0,"comment_status":"closed","ping_status":"open","sticky":false,"template":"","format":"standard","meta":[],"categories":[],"tags":[6,81,80,79,83,82,84],"yoast_head":"<!-- This site is optimized with the Yoast SEO plugin v20.9 - https:\/\/yoast.com\/wordpress\/plugins\/seo\/ -->\n<title>Mireye Mag : premier jour de tournage! - Le BLOGO d&#039;Anima\u00e7\u00e3o<\/title>\n<meta name=\"robots\" content=\"index, follow, max-snippet:-1, max-image-preview:large, max-video-preview:-1\" \/>\n<link rel=\"canonical\" href=\"https:\/\/studio-animacao.net\/blogo\/mireye-mag-premier-jour-de-tournage\/\" \/>\n<meta property=\"og:locale\" content=\"fr_FR\" \/>\n<meta property=\"og:type\" content=\"article\" \/>\n<meta property=\"og:title\" content=\"Mireye Mag : premier jour de tournage! - Le BLOGO d&#039;Anima\u00e7\u00e3o\" \/>\n<meta property=\"og:description\" content=\"Nous avons commenc\u00e9 le tournage sous le soleil! Cl\u00e9o \u00e9tait fin pr\u00eate pour le tournage et a \u00e9cout\u00e9 attentivement les directives de r\u00e9alisateur. Le r\u00e9alisateur, lui, n&rsquo;h\u00e9sitait pas \u00e0 chercher les angles les plus int\u00e9ressants&#8230;A la prise de son, on &hellip; Continuer la lecture &rarr;\" \/>\n<meta property=\"og:url\" content=\"https:\/\/studio-animacao.net\/blogo\/mireye-mag-premier-jour-de-tournage\/\" \/>\n<meta property=\"og:site_name\" content=\"Le BLOGO d&#039;Anima\u00e7\u00e3o\" \/>\n<meta property=\"article:publisher\" content=\"https:\/\/www.facebook.com\/associationAnimacao\" \/>\n<meta property=\"article:published_time\" content=\"2014-07-15T17:10:28+00:00\" \/>\n<meta property=\"og:image\" content=\"http:\/\/studio-animacao.net\/blogo\/wp-content\/uploads\/2014\/07\/cleolac.jpg\" \/>\n<meta name=\"author\" content=\"admin\" \/>\n<meta name=\"twitter:card\" content=\"summary_large_image\" \/>\n<meta name=\"twitter:label1\" content=\"\u00c9crit par\" \/>\n\t<meta name=\"twitter:data1\" content=\"admin\" \/>\n<script type=\"application\/ld+json\" class=\"yoast-schema-graph\">{\"@context\":\"https:\/\/schema.org\",\"@graph\":[{\"@type\":\"Article\",\"@id\":\"https:\/\/studio-animacao.net\/blogo\/mireye-mag-premier-jour-de-tournage\/#article\",\"isPartOf\":{\"@id\":\"https:\/\/studio-animacao.net\/blogo\/mireye-mag-premier-jour-de-tournage\/\"},\"author\":{\"name\":\"admin\",\"@id\":\"http:\/\/studio-animacao.net\/blogo\/#\/schema\/person\/d43605ef0d5681c1b27a4ba1fede1cf4\"},\"headline\":\"Mireye Mag : premier jour de tournage!\",\"datePublished\":\"2014-07-15T17:10:28+00:00\",\"dateModified\":\"2014-07-15T17:10:28+00:00\",\"mainEntityOfPage\":{\"@id\":\"https:\/\/studio-animacao.net\/blogo\/mireye-mag-premier-jour-de-tournage\/\"},\"wordCount\":102,\"publisher\":{\"@id\":\"http:\/\/studio-animacao.net\/blogo\/#organization\"},\"keywords\":[\"Ateliers\",\"Ch\u00e2teau de la Reynerie\",\"Cl\u00e9o\",\"La Reynerie\",\"marionnette\",\"muppet\",\"tournage\"],\"inLanguage\":\"fr-FR\"},{\"@type\":\"WebPage\",\"@id\":\"https:\/\/studio-animacao.net\/blogo\/mireye-mag-premier-jour-de-tournage\/\",\"url\":\"https:\/\/studio-animacao.net\/blogo\/mireye-mag-premier-jour-de-tournage\/\",\"name\":\"Mireye Mag : premier jour de tournage! - Le BLOGO d&#039;Anima\u00e7\u00e3o\",\"isPartOf\":{\"@id\":\"http:\/\/studio-animacao.net\/blogo\/#website\"},\"datePublished\":\"2014-07-15T17:10:28+00:00\",\"dateModified\":\"2014-07-15T17:10:28+00:00\",\"breadcrumb\":{\"@id\":\"https:\/\/studio-animacao.net\/blogo\/mireye-mag-premier-jour-de-tournage\/#breadcrumb\"},\"inLanguage\":\"fr-FR\",\"potentialAction\":[{\"@type\":\"ReadAction\",\"target\":[\"https:\/\/studio-animacao.net\/blogo\/mireye-mag-premier-jour-de-tournage\/\"]}]},{\"@type\":\"BreadcrumbList\",\"@id\":\"https:\/\/studio-animacao.net\/blogo\/mireye-mag-premier-jour-de-tournage\/#breadcrumb\",\"itemListElement\":[{\"@type\":\"ListItem\",\"position\":1,\"name\":\"Accueil\",\"item\":\"http:\/\/studio-animacao.net\/blogo\/\"},{\"@type\":\"ListItem\",\"position\":2,\"name\":\"Mireye Mag : premier jour de tournage!\"}]},{\"@type\":\"WebSite\",\"@id\":\"http:\/\/studio-animacao.net\/blogo\/#website\",\"url\":\"http:\/\/studio-animacao.net\/blogo\/\",\"name\":\"Le BLOGO d'Anima\u00e7\u00e3o\",\"description\":\"le BLOGO des marios (net ou pas)\",\"publisher\":{\"@id\":\"http:\/\/studio-animacao.net\/blogo\/#organization\"},\"potentialAction\":[{\"@type\":\"SearchAction\",\"target\":{\"@type\":\"EntryPoint\",\"urlTemplate\":\"http:\/\/studio-animacao.net\/blogo\/?s={search_term_string}\"},\"query-input\":\"required name=search_term_string\"}],\"inLanguage\":\"fr-FR\"},{\"@type\":\"Organization\",\"@id\":\"http:\/\/studio-animacao.net\/blogo\/#organization\",\"name\":\"Le BLOGO d'Anima\u00e7\u00e3o\",\"url\":\"http:\/\/studio-animacao.net\/blogo\/\",\"logo\":{\"@type\":\"ImageObject\",\"inLanguage\":\"fr-FR\",\"@id\":\"http:\/\/studio-animacao.net\/blogo\/#\/schema\/logo\/image\/\",\"url\":\"http:\/\/studio-animacao.net\/blogo\/wp-content\/uploads\/2023\/06\/Animlogo.jpg\",\"contentUrl\":\"http:\/\/studio-animacao.net\/blogo\/wp-content\/uploads\/2023\/06\/Animlogo.jpg\",\"width\":400,\"height\":227,\"caption\":\"Le BLOGO d'Anima\u00e7\u00e3o\"},\"image\":{\"@id\":\"http:\/\/studio-animacao.net\/blogo\/#\/schema\/logo\/image\/\"},\"sameAs\":[\"https:\/\/www.facebook.com\/associationAnimacao\",\"https:\/\/www.instagram.com\/associationanimacao\/\"]},{\"@type\":\"Person\",\"@id\":\"http:\/\/studio-animacao.net\/blogo\/#\/schema\/person\/d43605ef0d5681c1b27a4ba1fede1cf4\",\"name\":\"admin\",\"image\":{\"@type\":\"ImageObject\",\"inLanguage\":\"fr-FR\",\"@id\":\"http:\/\/studio-animacao.net\/blogo\/#\/schema\/person\/image\/\",\"url\":\"http:\/\/2.gravatar.com\/avatar\/ecf3aaaf6b5e78c58493c9d6029e0fa2?s=96&d=mm&r=g\",\"contentUrl\":\"http:\/\/2.gravatar.com\/avatar\/ecf3aaaf6b5e78c58493c9d6029e0fa2?s=96&d=mm&r=g\",\"caption\":\"admin\"},\"url\":\"http:\/\/studio-animacao.net\/blogo\/author\/admin\/\"}]}<\/script>\n<!-- \/ Yoast SEO plugin. -->","yoast_head_json":{"title":"Mireye Mag : premier jour de tournage! - Le BLOGO d&#039;Anima\u00e7\u00e3o","robots":{"index":"index","follow":"follow","max-snippet":"max-snippet:-1","max-image-preview":"max-image-preview:large","max-video-preview":"max-video-preview:-1"},"canonical":"https:\/\/studio-animacao.net\/blogo\/mireye-mag-premier-jour-de-tournage\/","og_locale":"fr_FR","og_type":"article","og_title":"Mireye Mag : premier jour de tournage! - Le BLOGO d&#039;Anima\u00e7\u00e3o","og_description":"Nous avons commenc\u00e9 le tournage sous le soleil! Cl\u00e9o \u00e9tait fin pr\u00eate pour le tournage et a \u00e9cout\u00e9 attentivement les directives de r\u00e9alisateur. Le r\u00e9alisateur, lui, n&rsquo;h\u00e9sitait pas \u00e0 chercher les angles les plus int\u00e9ressants&#8230;A la prise de son, on &hellip; Continuer la lecture &rarr;","og_url":"https:\/\/studio-animacao.net\/blogo\/mireye-mag-premier-jour-de-tournage\/","og_site_name":"Le BLOGO d&#039;Anima\u00e7\u00e3o","article_publisher":"https:\/\/www.facebook.com\/associationAnimacao","article_published_time":"2014-07-15T17:10:28+00:00","og_image":[{"url":"http:\/\/studio-animacao.net\/blogo\/wp-content\/uploads\/2014\/07\/cleolac.jpg"}],"author":"admin","twitter_card":"summary_large_image","twitter_misc":{"\u00c9crit par":"admin"},"schema":{"@context":"https:\/\/schema.org","@graph":[{"@type":"Article","@id":"https:\/\/studio-animacao.net\/blogo\/mireye-mag-premier-jour-de-tournage\/#article","isPartOf":{"@id":"https:\/\/studio-animacao.net\/blogo\/mireye-mag-premier-jour-de-tournage\/"},"author":{"name":"admin","@id":"http:\/\/studio-animacao.net\/blogo\/#\/schema\/person\/d43605ef0d5681c1b27a4ba1fede1cf4"},"headline":"Mireye Mag : premier jour de tournage!","datePublished":"2014-07-15T17:10:28+00:00","dateModified":"2014-07-15T17:10:28+00:00","mainEntityOfPage":{"@id":"https:\/\/studio-animacao.net\/blogo\/mireye-mag-premier-jour-de-tournage\/"},"wordCount":102,"publisher":{"@id":"http:\/\/studio-animacao.net\/blogo\/#organization"},"keywords":["Ateliers","Ch\u00e2teau de la Reynerie","Cl\u00e9o","La Reynerie","marionnette","muppet","tournage"],"inLanguage":"fr-FR"},{"@type":"WebPage","@id":"https:\/\/studio-animacao.net\/blogo\/mireye-mag-premier-jour-de-tournage\/","url":"https:\/\/studio-animacao.net\/blogo\/mireye-mag-premier-jour-de-tournage\/","name":"Mireye Mag : premier jour de tournage! - Le BLOGO d&#039;Anima\u00e7\u00e3o","isPartOf":{"@id":"http:\/\/studio-animacao.net\/blogo\/#website"},"datePublished":"2014-07-15T17:10:28+00:00","dateModified":"2014-07-15T17:10:28+00:00","breadcrumb":{"@id":"https:\/\/studio-animacao.net\/blogo\/mireye-mag-premier-jour-de-tournage\/#breadcrumb"},"inLanguage":"fr-FR","potentialAction":[{"@type":"ReadAction","target":["https:\/\/studio-animacao.net\/blogo\/mireye-mag-premier-jour-de-tournage\/"]}]},{"@type":"BreadcrumbList","@id":"https:\/\/studio-animacao.net\/blogo\/mireye-mag-premier-jour-de-tournage\/#breadcrumb","itemListElement":[{"@type":"ListItem","position":1,"name":"Accueil","item":"http:\/\/studio-animacao.net\/blogo\/"},{"@type":"ListItem","position":2,"name":"Mireye Mag : premier jour de tournage!"}]},{"@type":"WebSite","@id":"http:\/\/studio-animacao.net\/blogo\/#website","url":"http:\/\/studio-animacao.net\/blogo\/","name":"Le BLOGO d'Anima\u00e7\u00e3o","description":"le BLOGO des marios (net ou pas)","publisher":{"@id":"http:\/\/studio-animacao.net\/blogo\/#organization"},"potentialAction":[{"@type":"SearchAction","target":{"@type":"EntryPoint","urlTemplate":"http:\/\/studio-animacao.net\/blogo\/?s={search_term_string}"},"query-input":"required name=search_term_string"}],"inLanguage":"fr-FR"},{"@type":"Organization","@id":"http:\/\/studio-animacao.net\/blogo\/#organization","name":"Le BLOGO d'Anima\u00e7\u00e3o","url":"http:\/\/studio-animacao.net\/blogo\/","logo":{"@type":"ImageObject","inLanguage":"fr-FR","@id":"http:\/\/studio-animacao.net\/blogo\/#\/schema\/logo\/image\/","url":"http:\/\/studio-animacao.net\/blogo\/wp-content\/uploads\/2023\/06\/Animlogo.jpg","contentUrl":"http:\/\/studio-animacao.net\/blogo\/wp-content\/uploads\/2023\/06\/Animlogo.jpg","width":400,"height":227,"caption":"Le BLOGO d'Anima\u00e7\u00e3o"},"image":{"@id":"http:\/\/studio-animacao.net\/blogo\/#\/schema\/logo\/image\/"},"sameAs":["https:\/\/www.facebook.com\/associationAnimacao","https:\/\/www.instagram.com\/associationanimacao\/"]},{"@type":"Person","@id":"http:\/\/studio-animacao.net\/blogo\/#\/schema\/person\/d43605ef0d5681c1b27a4ba1fede1cf4","name":"admin","image":{"@type":"ImageObject","inLanguage":"fr-FR","@id":"http:\/\/studio-animacao.net\/blogo\/#\/schema\/person\/image\/","url":"http:\/\/2.gravatar.com\/avatar\/ecf3aaaf6b5e78c58493c9d6029e0fa2?s=96&d=mm&r=g","contentUrl":"http:\/\/2.gravatar.com\/avatar\/ecf3aaaf6b5e78c58493c9d6029e0fa2?s=96&d=mm&r=g","caption":"admin"},"url":"http:\/\/studio-animacao.net\/blogo\/author\/admin\/"}]}},"_links":{"self":[{"href":"http:\/\/studio-animacao.net\/blogo\/wp-json\/wp\/v2\/posts\/234"}],"collection":[{"href":"http:\/\/studio-animacao.net\/blogo\/wp-json\/wp\/v2\/posts"}],"about":[{"href":"http:\/\/studio-animacao.net\/blogo\/wp-json\/wp\/v2\/types\/post"}],"author":[{"embeddable":true,"href":"http:\/\/studio-animacao.net\/blogo\/wp-json\/wp\/v2\/users\/1"}],"replies":[{"embeddable":true,"href":"http:\/\/studio-animacao.net\/blogo\/wp-json\/wp\/v2\/comments?post=234"}],"version-history":[{"count":1,"href":"http:\/\/studio-animacao.net\/blogo\/wp-json\/wp\/v2\/posts\/234\/revisions"}],"predecessor-version":[{"id":241,"href":"http:\/\/studio-animacao.net\/blogo\/wp-json\/wp\/v2\/posts\/234\/revisions\/241"}],"wp:attachment":[{"href":"http:\/\/studio-animacao.net\/blogo\/wp-json\/wp\/v2\/media?parent=234"}],"wp:term":[{"taxonomy":"category","embeddable":true,"href":"http:\/\/studio-animacao.net\/blogo\/wp-json\/wp\/v2\/categories?post=234"},{"taxonomy":"post_tag","embeddable":true,"href":"http:\/\/studio-animacao.net\/blogo\/wp-json\/wp\/v2\/tags?post=234"}],"curies":[{"name":"wp","href":"https:\/\/api.w.org\/{rel}","templated":true}]}}