{"id":242,"date":"2014-07-16T18:03:57","date_gmt":"2014-07-16T16:03:57","guid":{"rendered":"http:\/\/studio-animacao.net\/blogo\/?p=242"},"modified":"2014-07-16T18:17:28","modified_gmt":"2014-07-16T16:17:28","slug":"mireye-mag-second-jour-de-tournage","status":"publish","type":"post","link":"http:\/\/studio-animacao.net\/blogo\/mireye-mag-second-jour-de-tournage\/","title":{"rendered":"Mireye Mag : second jour de tournage"},"content":{"rendered":"<p style=\"text-align: center;\">Nous avons encore b\u00e9n\u00e9fici\u00e9 d&rsquo;un grand soleil pour ce second jour de tournage.<\/p>\n<p style=\"text-align: center;\"><a href=\"http:\/\/studio-animacao.net\/blogo\/wp-content\/uploads\/2014\/07\/tournageparc.jpg\"><img decoding=\"async\" loading=\"lazy\" class=\"aligncenter size-large wp-image-244\" src=\"http:\/\/studio-animacao.net\/blogo\/wp-content\/uploads\/2014\/07\/tournageparc.jpg\" alt=\"tournageparc\" width=\"369\" height=\"285\" srcset=\"http:\/\/studio-animacao.net\/blogo\/wp-content\/uploads\/2014\/07\/tournageparc.jpg 369w, http:\/\/studio-animacao.net\/blogo\/wp-content\/uploads\/2014\/07\/tournageparc-300x231.jpg 300w\" sizes=\"(max-width: 369px) 100vw, 369px\" \/><\/a>Nous avons d&rsquo;abord d\u00fb retourner des s\u00e9quences au Parc du ch\u00e2teau.<\/p>\n<p style=\"text-align: center;\">Puis nous sommes all\u00e9s au Lac o\u00f9 Cl\u00e9o a interview\u00e9 Thierry qui a \u00e9t\u00e9 tr\u00e8s sympa de r\u00e9pondre \u00e0 nos questions.<\/p>\n<p><a href=\"http:\/\/studio-animacao.net\/blogo\/wp-content\/uploads\/2014\/07\/interthierry3.jpg\"><img decoding=\"async\" loading=\"lazy\" class=\"aligncenter size-full wp-image-243\" src=\"http:\/\/studio-animacao.net\/blogo\/wp-content\/uploads\/2014\/07\/interthierry3.jpg\" alt=\"interthierry3\" width=\"283\" height=\"400\" srcset=\"http:\/\/studio-animacao.net\/blogo\/wp-content\/uploads\/2014\/07\/interthierry3.jpg 283w, http:\/\/studio-animacao.net\/blogo\/wp-content\/uploads\/2014\/07\/interthierry3-212x300.jpg 212w\" sizes=\"(max-width: 283px) 100vw, 283px\" \/><\/a><\/p>\n<p style=\"text-align: center;\">Ensuite, direction la m\u00e9diath\u00e8que du grand M o\u00f9 nous avons tourn\u00e9 plusieurs s\u00e9quences.<\/p>\n<p style=\"text-align: center;\"><a href=\"http:\/\/studio-animacao.net\/blogo\/wp-content\/uploads\/2014\/07\/mediajahco.jpg\"><img decoding=\"async\" loading=\"lazy\" class=\"wp-image-251 alignleft\" src=\"http:\/\/studio-animacao.net\/blogo\/wp-content\/uploads\/2014\/07\/mediajahco.jpg\" alt=\"mediajahco\" width=\"257\" height=\"192\" srcset=\"http:\/\/studio-animacao.net\/blogo\/wp-content\/uploads\/2014\/07\/mediajahco.jpg 369w, http:\/\/studio-animacao.net\/blogo\/wp-content\/uploads\/2014\/07\/mediajahco-300x224.jpg 300w\" sizes=\"(max-width: 257px) 100vw, 257px\" \/><\/a><\/p>\n<p style=\"text-align: center;\"><a href=\"http:\/\/studio-animacao.net\/blogo\/wp-content\/uploads\/2014\/07\/cleobouba.jpg\"><img decoding=\"async\" loading=\"lazy\" class=\"wp-image-248\" src=\"http:\/\/studio-animacao.net\/blogo\/wp-content\/uploads\/2014\/07\/cleobouba.jpg\" alt=\"cleobouba\" width=\"233\" height=\"206\" srcset=\"http:\/\/studio-animacao.net\/blogo\/wp-content\/uploads\/2014\/07\/cleobouba.jpg 340w, http:\/\/studio-animacao.net\/blogo\/wp-content\/uploads\/2014\/07\/cleobouba-300x266.jpg 300w\" sizes=\"(max-width: 233px) 100vw, 233px\" \/><\/a><a href=\"http:\/\/studio-animacao.net\/blogo\/wp-content\/uploads\/2014\/07\/cleobouba4.jpg\"><img decoding=\"async\" loading=\"lazy\" class=\"wp-image-247 alignright\" src=\"http:\/\/studio-animacao.net\/blogo\/wp-content\/uploads\/2014\/07\/cleobouba4.jpg\" alt=\"cleobouba4\" width=\"180\" height=\"223\" srcset=\"http:\/\/studio-animacao.net\/blogo\/wp-content\/uploads\/2014\/07\/cleobouba4.jpg 255w, http:\/\/studio-animacao.net\/blogo\/wp-content\/uploads\/2014\/07\/cleobouba4-242x300.jpg 242w\" sizes=\"(max-width: 180px) 100vw, 180px\" \/><\/a><\/p>\n<p style=\"text-align: center;\">Il faisait tellement chaud que Jahco a \u00e9t\u00e9 oblig\u00e9 de mettre une casquette \u00e0 sa cam\u00e9ra!<\/p>\n<p style=\"text-align: center;\">Alors que Bouba accompagnait Cl\u00e9o en toutes circonstances!<\/p>\n<p style=\"text-align: center;\"><a href=\"http:\/\/studio-animacao.net\/blogo\/wp-content\/uploads\/2014\/07\/jahcomediason.jpg\"><img decoding=\"async\" loading=\"lazy\" class=\"aligncenter  wp-image-249\" src=\"http:\/\/studio-animacao.net\/blogo\/wp-content\/uploads\/2014\/07\/jahcomediason.jpg\" alt=\"jahcomediason\" width=\"283\" height=\"212\" srcset=\"http:\/\/studio-animacao.net\/blogo\/wp-content\/uploads\/2014\/07\/jahcomediason.jpg 369w, http:\/\/studio-animacao.net\/blogo\/wp-content\/uploads\/2014\/07\/jahcomediason-300x224.jpg 300w\" sizes=\"(max-width: 283px) 100vw, 283px\" \/><\/a>Jahco a bien v\u00e9rifi\u00e9 les enregistrements aujourd&rsquo;hui et, malgr\u00e9 tout, nous avons eu de mauvaises surprises &#8230; grrrrrrrr!<\/p>\n<p style=\"text-align: center;\"><a href=\"http:\/\/studio-animacao.net\/blogo\/wp-content\/uploads\/2014\/07\/mediatourne2.jpg\"><img decoding=\"async\" loading=\"lazy\" class=\"aligncenter  wp-image-245\" src=\"http:\/\/studio-animacao.net\/blogo\/wp-content\/uploads\/2014\/07\/mediatourne2.jpg\" alt=\"mediatourne2\" width=\"286\" height=\"231\" srcset=\"http:\/\/studio-animacao.net\/blogo\/wp-content\/uploads\/2014\/07\/mediatourne2.jpg 425w, http:\/\/studio-animacao.net\/blogo\/wp-content\/uploads\/2014\/07\/mediatourne2-300x242.jpg 300w\" sizes=\"(max-width: 286px) 100vw, 286px\" \/><\/a><a href=\"http:\/\/studio-animacao.net\/blogo\/wp-content\/uploads\/2014\/07\/jahcogrime.jpg\"><img decoding=\"async\" loading=\"lazy\" class=\"aligncenter size-large wp-image-246\" src=\"http:\/\/studio-animacao.net\/blogo\/wp-content\/uploads\/2014\/07\/jahcogrime.jpg\" alt=\"jahcogrime\" width=\"283\" height=\"208\" \/><\/a>Le passage \u00e0 la m\u00e9diath\u00e8que a jou\u00e9 sur le bon fonctionnement du Jahco!<\/p>\n<p style=\"text-align: center;\"><a href=\"http:\/\/studio-animacao.net\/blogo\/wp-content\/uploads\/2014\/07\/jahco.jpg\"><img decoding=\"async\" loading=\"lazy\" class=\"aligncenter  wp-image-250\" src=\"http:\/\/studio-animacao.net\/blogo\/wp-content\/uploads\/2014\/07\/jahco.jpg\" alt=\"jahco\" width=\"291\" height=\"218\" srcset=\"http:\/\/studio-animacao.net\/blogo\/wp-content\/uploads\/2014\/07\/jahco.jpg 369w, http:\/\/studio-animacao.net\/blogo\/wp-content\/uploads\/2014\/07\/jahco-300x224.jpg 300w\" sizes=\"(max-width: 291px) 100vw, 291px\" \/><\/a>De nombreuses photos en attestent \ud83d\ude42 !!!<\/p>\n","protected":false},"excerpt":{"rendered":"<p>Nous avons encore b\u00e9n\u00e9fici\u00e9 d&rsquo;un grand soleil pour ce second jour de tournage. Nous avons d&rsquo;abord d\u00fb retourner des s\u00e9quences au Parc du ch\u00e2teau. Puis nous sommes all\u00e9s au Lac o\u00f9 Cl\u00e9o a interview\u00e9 Thierry qui a \u00e9t\u00e9 tr\u00e8s sympa &hellip; <a href=\"http:\/\/studio-animacao.net\/blogo\/mireye-mag-second-jour-de-tournage\/\">Continuer la lecture <span class=\"meta-nav\">&rarr;<\/span><\/a><\/p>\n","protected":false},"author":1,"featured_media":0,"comment_status":"closed","ping_status":"open","sticky":false,"template":"","format":"standard","meta":[],"categories":[],"tags":[6,80,85,16,71,75],"yoast_head":"<!-- This site is optimized with the Yoast SEO plugin v20.9 - https:\/\/yoast.com\/wordpress\/plugins\/seo\/ -->\n<title>Mireye Mag : second jour de tournage - Le BLOGO d&#039;Anima\u00e7\u00e3o<\/title>\n<meta name=\"robots\" content=\"index, follow, max-snippet:-1, max-image-preview:large, max-video-preview:-1\" \/>\n<link rel=\"canonical\" href=\"https:\/\/studio-animacao.net\/blogo\/mireye-mag-second-jour-de-tournage\/\" \/>\n<meta property=\"og:locale\" content=\"fr_FR\" \/>\n<meta property=\"og:type\" content=\"article\" \/>\n<meta property=\"og:title\" content=\"Mireye Mag : second jour de tournage - Le BLOGO d&#039;Anima\u00e7\u00e3o\" \/>\n<meta property=\"og:description\" content=\"Nous avons encore b\u00e9n\u00e9fici\u00e9 d&rsquo;un grand soleil pour ce second jour de tournage. Nous avons d&rsquo;abord d\u00fb retourner des s\u00e9quences au Parc du ch\u00e2teau. Puis nous sommes all\u00e9s au Lac o\u00f9 Cl\u00e9o a interview\u00e9 Thierry qui a \u00e9t\u00e9 tr\u00e8s sympa &hellip; Continuer la lecture &rarr;\" \/>\n<meta property=\"og:url\" content=\"https:\/\/studio-animacao.net\/blogo\/mireye-mag-second-jour-de-tournage\/\" \/>\n<meta property=\"og:site_name\" content=\"Le BLOGO d&#039;Anima\u00e7\u00e3o\" \/>\n<meta property=\"article:publisher\" content=\"https:\/\/www.facebook.com\/associationAnimacao\" \/>\n<meta property=\"article:published_time\" content=\"2014-07-16T16:03:57+00:00\" \/>\n<meta property=\"article:modified_time\" content=\"2014-07-16T16:17:28+00:00\" \/>\n<meta property=\"og:image\" content=\"http:\/\/studio-animacao.net\/blogo\/wp-content\/uploads\/2014\/07\/tournageparc.jpg\" \/>\n<meta name=\"author\" content=\"admin\" \/>\n<meta name=\"twitter:card\" content=\"summary_large_image\" \/>\n<meta name=\"twitter:label1\" content=\"\u00c9crit par\" \/>\n\t<meta name=\"twitter:data1\" content=\"admin\" \/>\n\t<meta name=\"twitter:label2\" content=\"Dur\u00e9e de lecture estim\u00e9e\" \/>\n\t<meta name=\"twitter:data2\" content=\"1 minute\" \/>\n<script type=\"application\/ld+json\" class=\"yoast-schema-graph\">{\"@context\":\"https:\/\/schema.org\",\"@graph\":[{\"@type\":\"Article\",\"@id\":\"https:\/\/studio-animacao.net\/blogo\/mireye-mag-second-jour-de-tournage\/#article\",\"isPartOf\":{\"@id\":\"https:\/\/studio-animacao.net\/blogo\/mireye-mag-second-jour-de-tournage\/\"},\"author\":{\"name\":\"admin\",\"@id\":\"http:\/\/studio-animacao.net\/blogo\/#\/schema\/person\/d43605ef0d5681c1b27a4ba1fede1cf4\"},\"headline\":\"Mireye Mag : second jour de tournage\",\"datePublished\":\"2014-07-16T16:03:57+00:00\",\"dateModified\":\"2014-07-16T16:17:28+00:00\",\"mainEntityOfPage\":{\"@id\":\"https:\/\/studio-animacao.net\/blogo\/mireye-mag-second-jour-de-tournage\/\"},\"wordCount\":137,\"publisher\":{\"@id\":\"http:\/\/studio-animacao.net\/blogo\/#organization\"},\"keywords\":[\"Ateliers\",\"Cl\u00e9o\",\"lac de la Reynerie\",\"m\u00e9diath\u00e8que du Grand M\",\"mir(eye)\",\"reynerie\"],\"inLanguage\":\"fr-FR\"},{\"@type\":\"WebPage\",\"@id\":\"https:\/\/studio-animacao.net\/blogo\/mireye-mag-second-jour-de-tournage\/\",\"url\":\"https:\/\/studio-animacao.net\/blogo\/mireye-mag-second-jour-de-tournage\/\",\"name\":\"Mireye Mag : second jour de tournage - Le BLOGO d&#039;Anima\u00e7\u00e3o\",\"isPartOf\":{\"@id\":\"http:\/\/studio-animacao.net\/blogo\/#website\"},\"datePublished\":\"2014-07-16T16:03:57+00:00\",\"dateModified\":\"2014-07-16T16:17:28+00:00\",\"breadcrumb\":{\"@id\":\"https:\/\/studio-animacao.net\/blogo\/mireye-mag-second-jour-de-tournage\/#breadcrumb\"},\"inLanguage\":\"fr-FR\",\"potentialAction\":[{\"@type\":\"ReadAction\",\"target\":[\"https:\/\/studio-animacao.net\/blogo\/mireye-mag-second-jour-de-tournage\/\"]}]},{\"@type\":\"BreadcrumbList\",\"@id\":\"https:\/\/studio-animacao.net\/blogo\/mireye-mag-second-jour-de-tournage\/#breadcrumb\",\"itemListElement\":[{\"@type\":\"ListItem\",\"position\":1,\"name\":\"Accueil\",\"item\":\"http:\/\/studio-animacao.net\/blogo\/\"},{\"@type\":\"ListItem\",\"position\":2,\"name\":\"Mireye Mag : second jour de tournage\"}]},{\"@type\":\"WebSite\",\"@id\":\"http:\/\/studio-animacao.net\/blogo\/#website\",\"url\":\"http:\/\/studio-animacao.net\/blogo\/\",\"name\":\"Le BLOGO d'Anima\u00e7\u00e3o\",\"description\":\"le BLOGO des marios (net ou pas)\",\"publisher\":{\"@id\":\"http:\/\/studio-animacao.net\/blogo\/#organization\"},\"potentialAction\":[{\"@type\":\"SearchAction\",\"target\":{\"@type\":\"EntryPoint\",\"urlTemplate\":\"http:\/\/studio-animacao.net\/blogo\/?s={search_term_string}\"},\"query-input\":\"required name=search_term_string\"}],\"inLanguage\":\"fr-FR\"},{\"@type\":\"Organization\",\"@id\":\"http:\/\/studio-animacao.net\/blogo\/#organization\",\"name\":\"Le BLOGO d'Anima\u00e7\u00e3o\",\"url\":\"http:\/\/studio-animacao.net\/blogo\/\",\"logo\":{\"@type\":\"ImageObject\",\"inLanguage\":\"fr-FR\",\"@id\":\"http:\/\/studio-animacao.net\/blogo\/#\/schema\/logo\/image\/\",\"url\":\"http:\/\/studio-animacao.net\/blogo\/wp-content\/uploads\/2023\/06\/Animlogo.jpg\",\"contentUrl\":\"http:\/\/studio-animacao.net\/blogo\/wp-content\/uploads\/2023\/06\/Animlogo.jpg\",\"width\":400,\"height\":227,\"caption\":\"Le BLOGO d'Anima\u00e7\u00e3o\"},\"image\":{\"@id\":\"http:\/\/studio-animacao.net\/blogo\/#\/schema\/logo\/image\/\"},\"sameAs\":[\"https:\/\/www.facebook.com\/associationAnimacao\",\"https:\/\/www.instagram.com\/associationanimacao\/\"]},{\"@type\":\"Person\",\"@id\":\"http:\/\/studio-animacao.net\/blogo\/#\/schema\/person\/d43605ef0d5681c1b27a4ba1fede1cf4\",\"name\":\"admin\",\"image\":{\"@type\":\"ImageObject\",\"inLanguage\":\"fr-FR\",\"@id\":\"http:\/\/studio-animacao.net\/blogo\/#\/schema\/person\/image\/\",\"url\":\"http:\/\/2.gravatar.com\/avatar\/ecf3aaaf6b5e78c58493c9d6029e0fa2?s=96&d=mm&r=g\",\"contentUrl\":\"http:\/\/2.gravatar.com\/avatar\/ecf3aaaf6b5e78c58493c9d6029e0fa2?s=96&d=mm&r=g\",\"caption\":\"admin\"},\"url\":\"http:\/\/studio-animacao.net\/blogo\/author\/admin\/\"}]}<\/script>\n<!-- \/ Yoast SEO plugin. -->","yoast_head_json":{"title":"Mireye Mag : second jour de tournage - Le BLOGO d&#039;Anima\u00e7\u00e3o","robots":{"index":"index","follow":"follow","max-snippet":"max-snippet:-1","max-image-preview":"max-image-preview:large","max-video-preview":"max-video-preview:-1"},"canonical":"https:\/\/studio-animacao.net\/blogo\/mireye-mag-second-jour-de-tournage\/","og_locale":"fr_FR","og_type":"article","og_title":"Mireye Mag : second jour de tournage - Le BLOGO d&#039;Anima\u00e7\u00e3o","og_description":"Nous avons encore b\u00e9n\u00e9fici\u00e9 d&rsquo;un grand soleil pour ce second jour de tournage. Nous avons d&rsquo;abord d\u00fb retourner des s\u00e9quences au Parc du ch\u00e2teau. Puis nous sommes all\u00e9s au Lac o\u00f9 Cl\u00e9o a interview\u00e9 Thierry qui a \u00e9t\u00e9 tr\u00e8s sympa &hellip; Continuer la lecture &rarr;","og_url":"https:\/\/studio-animacao.net\/blogo\/mireye-mag-second-jour-de-tournage\/","og_site_name":"Le BLOGO d&#039;Anima\u00e7\u00e3o","article_publisher":"https:\/\/www.facebook.com\/associationAnimacao","article_published_time":"2014-07-16T16:03:57+00:00","article_modified_time":"2014-07-16T16:17:28+00:00","og_image":[{"url":"http:\/\/studio-animacao.net\/blogo\/wp-content\/uploads\/2014\/07\/tournageparc.jpg"}],"author":"admin","twitter_card":"summary_large_image","twitter_misc":{"\u00c9crit par":"admin","Dur\u00e9e de lecture estim\u00e9e":"1 minute"},"schema":{"@context":"https:\/\/schema.org","@graph":[{"@type":"Article","@id":"https:\/\/studio-animacao.net\/blogo\/mireye-mag-second-jour-de-tournage\/#article","isPartOf":{"@id":"https:\/\/studio-animacao.net\/blogo\/mireye-mag-second-jour-de-tournage\/"},"author":{"name":"admin","@id":"http:\/\/studio-animacao.net\/blogo\/#\/schema\/person\/d43605ef0d5681c1b27a4ba1fede1cf4"},"headline":"Mireye Mag : second jour de tournage","datePublished":"2014-07-16T16:03:57+00:00","dateModified":"2014-07-16T16:17:28+00:00","mainEntityOfPage":{"@id":"https:\/\/studio-animacao.net\/blogo\/mireye-mag-second-jour-de-tournage\/"},"wordCount":137,"publisher":{"@id":"http:\/\/studio-animacao.net\/blogo\/#organization"},"keywords":["Ateliers","Cl\u00e9o","lac de la Reynerie","m\u00e9diath\u00e8que du Grand M","mir(eye)","reynerie"],"inLanguage":"fr-FR"},{"@type":"WebPage","@id":"https:\/\/studio-animacao.net\/blogo\/mireye-mag-second-jour-de-tournage\/","url":"https:\/\/studio-animacao.net\/blogo\/mireye-mag-second-jour-de-tournage\/","name":"Mireye Mag : second jour de tournage - Le BLOGO d&#039;Anima\u00e7\u00e3o","isPartOf":{"@id":"http:\/\/studio-animacao.net\/blogo\/#website"},"datePublished":"2014-07-16T16:03:57+00:00","dateModified":"2014-07-16T16:17:28+00:00","breadcrumb":{"@id":"https:\/\/studio-animacao.net\/blogo\/mireye-mag-second-jour-de-tournage\/#breadcrumb"},"inLanguage":"fr-FR","potentialAction":[{"@type":"ReadAction","target":["https:\/\/studio-animacao.net\/blogo\/mireye-mag-second-jour-de-tournage\/"]}]},{"@type":"BreadcrumbList","@id":"https:\/\/studio-animacao.net\/blogo\/mireye-mag-second-jour-de-tournage\/#breadcrumb","itemListElement":[{"@type":"ListItem","position":1,"name":"Accueil","item":"http:\/\/studio-animacao.net\/blogo\/"},{"@type":"ListItem","position":2,"name":"Mireye Mag : second jour de tournage"}]},{"@type":"WebSite","@id":"http:\/\/studio-animacao.net\/blogo\/#website","url":"http:\/\/studio-animacao.net\/blogo\/","name":"Le BLOGO d'Anima\u00e7\u00e3o","description":"le BLOGO des marios (net ou pas)","publisher":{"@id":"http:\/\/studio-animacao.net\/blogo\/#organization"},"potentialAction":[{"@type":"SearchAction","target":{"@type":"EntryPoint","urlTemplate":"http:\/\/studio-animacao.net\/blogo\/?s={search_term_string}"},"query-input":"required name=search_term_string"}],"inLanguage":"fr-FR"},{"@type":"Organization","@id":"http:\/\/studio-animacao.net\/blogo\/#organization","name":"Le BLOGO d'Anima\u00e7\u00e3o","url":"http:\/\/studio-animacao.net\/blogo\/","logo":{"@type":"ImageObject","inLanguage":"fr-FR","@id":"http:\/\/studio-animacao.net\/blogo\/#\/schema\/logo\/image\/","url":"http:\/\/studio-animacao.net\/blogo\/wp-content\/uploads\/2023\/06\/Animlogo.jpg","contentUrl":"http:\/\/studio-animacao.net\/blogo\/wp-content\/uploads\/2023\/06\/Animlogo.jpg","width":400,"height":227,"caption":"Le BLOGO d'Anima\u00e7\u00e3o"},"image":{"@id":"http:\/\/studio-animacao.net\/blogo\/#\/schema\/logo\/image\/"},"sameAs":["https:\/\/www.facebook.com\/associationAnimacao","https:\/\/www.instagram.com\/associationanimacao\/"]},{"@type":"Person","@id":"http:\/\/studio-animacao.net\/blogo\/#\/schema\/person\/d43605ef0d5681c1b27a4ba1fede1cf4","name":"admin","image":{"@type":"ImageObject","inLanguage":"fr-FR","@id":"http:\/\/studio-animacao.net\/blogo\/#\/schema\/person\/image\/","url":"http:\/\/2.gravatar.com\/avatar\/ecf3aaaf6b5e78c58493c9d6029e0fa2?s=96&d=mm&r=g","contentUrl":"http:\/\/2.gravatar.com\/avatar\/ecf3aaaf6b5e78c58493c9d6029e0fa2?s=96&d=mm&r=g","caption":"admin"},"url":"http:\/\/studio-animacao.net\/blogo\/author\/admin\/"}]}},"_links":{"self":[{"href":"http:\/\/studio-animacao.net\/blogo\/wp-json\/wp\/v2\/posts\/242"}],"collection":[{"href":"http:\/\/studio-animacao.net\/blogo\/wp-json\/wp\/v2\/posts"}],"about":[{"href":"http:\/\/studio-animacao.net\/blogo\/wp-json\/wp\/v2\/types\/post"}],"author":[{"embeddable":true,"href":"http:\/\/studio-animacao.net\/blogo\/wp-json\/wp\/v2\/users\/1"}],"replies":[{"embeddable":true,"href":"http:\/\/studio-animacao.net\/blogo\/wp-json\/wp\/v2\/comments?post=242"}],"version-history":[{"count":7,"href":"http:\/\/studio-animacao.net\/blogo\/wp-json\/wp\/v2\/posts\/242\/revisions"}],"predecessor-version":[{"id":259,"href":"http:\/\/studio-animacao.net\/blogo\/wp-json\/wp\/v2\/posts\/242\/revisions\/259"}],"wp:attachment":[{"href":"http:\/\/studio-animacao.net\/blogo\/wp-json\/wp\/v2\/media?parent=242"}],"wp:term":[{"taxonomy":"category","embeddable":true,"href":"http:\/\/studio-animacao.net\/blogo\/wp-json\/wp\/v2\/categories?post=242"},{"taxonomy":"post_tag","embeddable":true,"href":"http:\/\/studio-animacao.net\/blogo\/wp-json\/wp\/v2\/tags?post=242"}],"curies":[{"name":"wp","href":"https:\/\/api.w.org\/{rel}","templated":true}]}}