{"id":261,"date":"2014-07-18T11:27:54","date_gmt":"2014-07-18T09:27:54","guid":{"rendered":"http:\/\/studio-animacao.net\/blogo\/?p=261"},"modified":"2014-07-18T11:29:09","modified_gmt":"2014-07-18T09:29:09","slug":"premiere-emission-terminee","status":"publish","type":"post","link":"http:\/\/studio-animacao.net\/blogo\/premiere-emission-terminee\/","title":{"rendered":"Premi\u00e8re \u00e9mission termin\u00e9e!"},"content":{"rendered":"<p>Voil\u00e0 la premi\u00e8re \u00e9mission est termin\u00e9e!<\/p>\n<p>Ce matin, les enfants ont r\u00e9alis\u00e9 leurs autoportraits qui figureront au g\u00e9n\u00e9rique de l&rsquo;\u00e9mission.<a href=\"http:\/\/studio-animacao.net\/blogo\/wp-content\/uploads\/2014\/07\/dessinfin1.jpg\"><img decoding=\"async\" loading=\"lazy\" class=\"aligncenter size-full wp-image-262\" src=\"http:\/\/studio-animacao.net\/blogo\/wp-content\/uploads\/2014\/07\/dessinfin1.jpg\" alt=\"dessinfin1\" width=\"425\" height=\"293\" srcset=\"http:\/\/studio-animacao.net\/blogo\/wp-content\/uploads\/2014\/07\/dessinfin1.jpg 425w, http:\/\/studio-animacao.net\/blogo\/wp-content\/uploads\/2014\/07\/dessinfin1-300x206.jpg 300w\" sizes=\"(max-width: 425px) 100vw, 425px\" \/><\/a> <a href=\"http:\/\/studio-animacao.net\/blogo\/wp-content\/uploads\/2014\/07\/dessinfin4.jpg\"><img decoding=\"async\" loading=\"lazy\" class=\"aligncenter size-large wp-image-264\" src=\"http:\/\/studio-animacao.net\/blogo\/wp-content\/uploads\/2014\/07\/dessinfin4.jpg\" alt=\"dessinfin4\" width=\"425\" height=\"256\" srcset=\"http:\/\/studio-animacao.net\/blogo\/wp-content\/uploads\/2014\/07\/dessinfin4.jpg 425w, http:\/\/studio-animacao.net\/blogo\/wp-content\/uploads\/2014\/07\/dessinfin4-300x180.jpg 300w\" sizes=\"(max-width: 425px) 100vw, 425px\" \/><\/a> <a href=\"http:\/\/studio-animacao.net\/blogo\/wp-content\/uploads\/2014\/07\/dessinfin3.jpg\"><img decoding=\"async\" loading=\"lazy\" class=\"aligncenter size-large wp-image-265\" src=\"http:\/\/studio-animacao.net\/blogo\/wp-content\/uploads\/2014\/07\/dessinfin3.jpg\" alt=\"dessinfin3\" width=\"425\" height=\"347\" srcset=\"http:\/\/studio-animacao.net\/blogo\/wp-content\/uploads\/2014\/07\/dessinfin3.jpg 425w, http:\/\/studio-animacao.net\/blogo\/wp-content\/uploads\/2014\/07\/dessinfin3-300x244.jpg 300w\" sizes=\"(max-width: 425px) 100vw, 425px\" \/><\/a> <a href=\"http:\/\/studio-animacao.net\/blogo\/wp-content\/uploads\/2014\/07\/dessinfin2.jpg\"><img decoding=\"async\" loading=\"lazy\" class=\"aligncenter size-large wp-image-266\" src=\"http:\/\/studio-animacao.net\/blogo\/wp-content\/uploads\/2014\/07\/dessinfin2.jpg\" alt=\"dessinfin2\" width=\"425\" height=\"319\" srcset=\"http:\/\/studio-animacao.net\/blogo\/wp-content\/uploads\/2014\/07\/dessinfin2.jpg 425w, http:\/\/studio-animacao.net\/blogo\/wp-content\/uploads\/2014\/07\/dessinfin2-300x225.jpg 300w\" sizes=\"(max-width: 425px) 100vw, 425px\" \/><\/a>Nous ferons en sorte qu&rsquo;il soit rapidement en ligne pour que vous puissiez tous le voir.<\/p>\n<p>&nbsp;<\/p>\n","protected":false},"excerpt":{"rendered":"<p>Voil\u00e0 la premi\u00e8re \u00e9mission est termin\u00e9e! Ce matin, les enfants ont r\u00e9alis\u00e9 leurs autoportraits qui figureront au g\u00e9n\u00e9rique de l&rsquo;\u00e9mission. Nous ferons en sorte qu&rsquo;il soit rapidement en ligne pour que vous puissiez tous le voir. &nbsp;<\/p>\n","protected":false},"author":1,"featured_media":0,"comment_status":"closed","ping_status":"open","sticky":false,"template":"","format":"standard","meta":[],"categories":[],"tags":[6,29,86,71,78,75],"yoast_head":"<!-- This site is optimized with the Yoast SEO plugin v20.9 - https:\/\/yoast.com\/wordpress\/plugins\/seo\/ -->\n<title>Premi\u00e8re \u00e9mission termin\u00e9e! - Le BLOGO d&#039;Anima\u00e7\u00e3o<\/title>\n<meta name=\"robots\" content=\"index, follow, max-snippet:-1, max-image-preview:large, max-video-preview:-1\" \/>\n<link rel=\"canonical\" href=\"http:\/\/studio-animacao.net\/blogo\/premiere-emission-terminee\/\" \/>\n<meta property=\"og:locale\" content=\"fr_FR\" \/>\n<meta property=\"og:type\" content=\"article\" \/>\n<meta property=\"og:title\" content=\"Premi\u00e8re \u00e9mission termin\u00e9e! - Le BLOGO d&#039;Anima\u00e7\u00e3o\" \/>\n<meta property=\"og:description\" content=\"Voil\u00e0 la premi\u00e8re \u00e9mission est termin\u00e9e! Ce matin, les enfants ont r\u00e9alis\u00e9 leurs autoportraits qui figureront au g\u00e9n\u00e9rique de l&rsquo;\u00e9mission. Nous ferons en sorte qu&rsquo;il soit rapidement en ligne pour que vous puissiez tous le voir. &nbsp;\" \/>\n<meta property=\"og:url\" content=\"http:\/\/studio-animacao.net\/blogo\/premiere-emission-terminee\/\" \/>\n<meta property=\"og:site_name\" content=\"Le BLOGO d&#039;Anima\u00e7\u00e3o\" \/>\n<meta property=\"article:publisher\" content=\"https:\/\/www.facebook.com\/associationAnimacao\" \/>\n<meta property=\"article:published_time\" content=\"2014-07-18T09:27:54+00:00\" \/>\n<meta property=\"article:modified_time\" content=\"2014-07-18T09:29:09+00:00\" \/>\n<meta property=\"og:image\" content=\"http:\/\/studio-animacao.net\/blogo\/wp-content\/uploads\/2014\/07\/dessinfin1.jpg\" \/>\n<meta name=\"author\" content=\"admin\" \/>\n<meta name=\"twitter:card\" content=\"summary_large_image\" \/>\n<meta name=\"twitter:label1\" content=\"\u00c9crit par\" \/>\n\t<meta name=\"twitter:data1\" content=\"admin\" \/>\n<script type=\"application\/ld+json\" class=\"yoast-schema-graph\">{\"@context\":\"https:\/\/schema.org\",\"@graph\":[{\"@type\":\"Article\",\"@id\":\"http:\/\/studio-animacao.net\/blogo\/premiere-emission-terminee\/#article\",\"isPartOf\":{\"@id\":\"http:\/\/studio-animacao.net\/blogo\/premiere-emission-terminee\/\"},\"author\":{\"name\":\"admin\",\"@id\":\"http:\/\/studio-animacao.net\/blogo\/#\/schema\/person\/d43605ef0d5681c1b27a4ba1fede1cf4\"},\"headline\":\"Premi\u00e8re \u00e9mission termin\u00e9e!\",\"datePublished\":\"2014-07-18T09:27:54+00:00\",\"dateModified\":\"2014-07-18T09:29:09+00:00\",\"mainEntityOfPage\":{\"@id\":\"http:\/\/studio-animacao.net\/blogo\/premiere-emission-terminee\/\"},\"wordCount\":48,\"publisher\":{\"@id\":\"http:\/\/studio-animacao.net\/blogo\/#organization\"},\"keywords\":[\"Ateliers\",\"\u00e9mission\",\"fin de tournage\",\"mir(eye)\",\"Mirail\",\"reynerie\"],\"inLanguage\":\"fr-FR\"},{\"@type\":\"WebPage\",\"@id\":\"http:\/\/studio-animacao.net\/blogo\/premiere-emission-terminee\/\",\"url\":\"http:\/\/studio-animacao.net\/blogo\/premiere-emission-terminee\/\",\"name\":\"Premi\u00e8re \u00e9mission termin\u00e9e! - Le BLOGO d&#039;Anima\u00e7\u00e3o\",\"isPartOf\":{\"@id\":\"http:\/\/studio-animacao.net\/blogo\/#website\"},\"datePublished\":\"2014-07-18T09:27:54+00:00\",\"dateModified\":\"2014-07-18T09:29:09+00:00\",\"breadcrumb\":{\"@id\":\"http:\/\/studio-animacao.net\/blogo\/premiere-emission-terminee\/#breadcrumb\"},\"inLanguage\":\"fr-FR\",\"potentialAction\":[{\"@type\":\"ReadAction\",\"target\":[\"http:\/\/studio-animacao.net\/blogo\/premiere-emission-terminee\/\"]}]},{\"@type\":\"BreadcrumbList\",\"@id\":\"http:\/\/studio-animacao.net\/blogo\/premiere-emission-terminee\/#breadcrumb\",\"itemListElement\":[{\"@type\":\"ListItem\",\"position\":1,\"name\":\"Accueil\",\"item\":\"http:\/\/studio-animacao.net\/blogo\/\"},{\"@type\":\"ListItem\",\"position\":2,\"name\":\"Premi\u00e8re \u00e9mission termin\u00e9e!\"}]},{\"@type\":\"WebSite\",\"@id\":\"http:\/\/studio-animacao.net\/blogo\/#website\",\"url\":\"http:\/\/studio-animacao.net\/blogo\/\",\"name\":\"Le BLOGO d'Anima\u00e7\u00e3o\",\"description\":\"le BLOGO des marios (net ou pas)\",\"publisher\":{\"@id\":\"http:\/\/studio-animacao.net\/blogo\/#organization\"},\"potentialAction\":[{\"@type\":\"SearchAction\",\"target\":{\"@type\":\"EntryPoint\",\"urlTemplate\":\"http:\/\/studio-animacao.net\/blogo\/?s={search_term_string}\"},\"query-input\":\"required name=search_term_string\"}],\"inLanguage\":\"fr-FR\"},{\"@type\":\"Organization\",\"@id\":\"http:\/\/studio-animacao.net\/blogo\/#organization\",\"name\":\"Le BLOGO d'Anima\u00e7\u00e3o\",\"url\":\"http:\/\/studio-animacao.net\/blogo\/\",\"logo\":{\"@type\":\"ImageObject\",\"inLanguage\":\"fr-FR\",\"@id\":\"http:\/\/studio-animacao.net\/blogo\/#\/schema\/logo\/image\/\",\"url\":\"http:\/\/studio-animacao.net\/blogo\/wp-content\/uploads\/2023\/06\/Animlogo.jpg\",\"contentUrl\":\"http:\/\/studio-animacao.net\/blogo\/wp-content\/uploads\/2023\/06\/Animlogo.jpg\",\"width\":400,\"height\":227,\"caption\":\"Le BLOGO d'Anima\u00e7\u00e3o\"},\"image\":{\"@id\":\"http:\/\/studio-animacao.net\/blogo\/#\/schema\/logo\/image\/\"},\"sameAs\":[\"https:\/\/www.facebook.com\/associationAnimacao\",\"https:\/\/www.instagram.com\/associationanimacao\/\"]},{\"@type\":\"Person\",\"@id\":\"http:\/\/studio-animacao.net\/blogo\/#\/schema\/person\/d43605ef0d5681c1b27a4ba1fede1cf4\",\"name\":\"admin\",\"image\":{\"@type\":\"ImageObject\",\"inLanguage\":\"fr-FR\",\"@id\":\"http:\/\/studio-animacao.net\/blogo\/#\/schema\/person\/image\/\",\"url\":\"http:\/\/2.gravatar.com\/avatar\/ecf3aaaf6b5e78c58493c9d6029e0fa2?s=96&d=mm&r=g\",\"contentUrl\":\"http:\/\/2.gravatar.com\/avatar\/ecf3aaaf6b5e78c58493c9d6029e0fa2?s=96&d=mm&r=g\",\"caption\":\"admin\"},\"url\":\"http:\/\/studio-animacao.net\/blogo\/author\/admin\/\"}]}<\/script>\n<!-- \/ Yoast SEO plugin. -->","yoast_head_json":{"title":"Premi\u00e8re \u00e9mission termin\u00e9e! - Le BLOGO d&#039;Anima\u00e7\u00e3o","robots":{"index":"index","follow":"follow","max-snippet":"max-snippet:-1","max-image-preview":"max-image-preview:large","max-video-preview":"max-video-preview:-1"},"canonical":"http:\/\/studio-animacao.net\/blogo\/premiere-emission-terminee\/","og_locale":"fr_FR","og_type":"article","og_title":"Premi\u00e8re \u00e9mission termin\u00e9e! - Le BLOGO d&#039;Anima\u00e7\u00e3o","og_description":"Voil\u00e0 la premi\u00e8re \u00e9mission est termin\u00e9e! Ce matin, les enfants ont r\u00e9alis\u00e9 leurs autoportraits qui figureront au g\u00e9n\u00e9rique de l&rsquo;\u00e9mission. Nous ferons en sorte qu&rsquo;il soit rapidement en ligne pour que vous puissiez tous le voir. &nbsp;","og_url":"http:\/\/studio-animacao.net\/blogo\/premiere-emission-terminee\/","og_site_name":"Le BLOGO d&#039;Anima\u00e7\u00e3o","article_publisher":"https:\/\/www.facebook.com\/associationAnimacao","article_published_time":"2014-07-18T09:27:54+00:00","article_modified_time":"2014-07-18T09:29:09+00:00","og_image":[{"url":"http:\/\/studio-animacao.net\/blogo\/wp-content\/uploads\/2014\/07\/dessinfin1.jpg"}],"author":"admin","twitter_card":"summary_large_image","twitter_misc":{"\u00c9crit par":"admin"},"schema":{"@context":"https:\/\/schema.org","@graph":[{"@type":"Article","@id":"http:\/\/studio-animacao.net\/blogo\/premiere-emission-terminee\/#article","isPartOf":{"@id":"http:\/\/studio-animacao.net\/blogo\/premiere-emission-terminee\/"},"author":{"name":"admin","@id":"http:\/\/studio-animacao.net\/blogo\/#\/schema\/person\/d43605ef0d5681c1b27a4ba1fede1cf4"},"headline":"Premi\u00e8re \u00e9mission termin\u00e9e!","datePublished":"2014-07-18T09:27:54+00:00","dateModified":"2014-07-18T09:29:09+00:00","mainEntityOfPage":{"@id":"http:\/\/studio-animacao.net\/blogo\/premiere-emission-terminee\/"},"wordCount":48,"publisher":{"@id":"http:\/\/studio-animacao.net\/blogo\/#organization"},"keywords":["Ateliers","\u00e9mission","fin de tournage","mir(eye)","Mirail","reynerie"],"inLanguage":"fr-FR"},{"@type":"WebPage","@id":"http:\/\/studio-animacao.net\/blogo\/premiere-emission-terminee\/","url":"http:\/\/studio-animacao.net\/blogo\/premiere-emission-terminee\/","name":"Premi\u00e8re \u00e9mission termin\u00e9e! - Le BLOGO d&#039;Anima\u00e7\u00e3o","isPartOf":{"@id":"http:\/\/studio-animacao.net\/blogo\/#website"},"datePublished":"2014-07-18T09:27:54+00:00","dateModified":"2014-07-18T09:29:09+00:00","breadcrumb":{"@id":"http:\/\/studio-animacao.net\/blogo\/premiere-emission-terminee\/#breadcrumb"},"inLanguage":"fr-FR","potentialAction":[{"@type":"ReadAction","target":["http:\/\/studio-animacao.net\/blogo\/premiere-emission-terminee\/"]}]},{"@type":"BreadcrumbList","@id":"http:\/\/studio-animacao.net\/blogo\/premiere-emission-terminee\/#breadcrumb","itemListElement":[{"@type":"ListItem","position":1,"name":"Accueil","item":"http:\/\/studio-animacao.net\/blogo\/"},{"@type":"ListItem","position":2,"name":"Premi\u00e8re \u00e9mission termin\u00e9e!"}]},{"@type":"WebSite","@id":"http:\/\/studio-animacao.net\/blogo\/#website","url":"http:\/\/studio-animacao.net\/blogo\/","name":"Le BLOGO d'Anima\u00e7\u00e3o","description":"le BLOGO des marios (net ou pas)","publisher":{"@id":"http:\/\/studio-animacao.net\/blogo\/#organization"},"potentialAction":[{"@type":"SearchAction","target":{"@type":"EntryPoint","urlTemplate":"http:\/\/studio-animacao.net\/blogo\/?s={search_term_string}"},"query-input":"required name=search_term_string"}],"inLanguage":"fr-FR"},{"@type":"Organization","@id":"http:\/\/studio-animacao.net\/blogo\/#organization","name":"Le BLOGO d'Anima\u00e7\u00e3o","url":"http:\/\/studio-animacao.net\/blogo\/","logo":{"@type":"ImageObject","inLanguage":"fr-FR","@id":"http:\/\/studio-animacao.net\/blogo\/#\/schema\/logo\/image\/","url":"http:\/\/studio-animacao.net\/blogo\/wp-content\/uploads\/2023\/06\/Animlogo.jpg","contentUrl":"http:\/\/studio-animacao.net\/blogo\/wp-content\/uploads\/2023\/06\/Animlogo.jpg","width":400,"height":227,"caption":"Le BLOGO d'Anima\u00e7\u00e3o"},"image":{"@id":"http:\/\/studio-animacao.net\/blogo\/#\/schema\/logo\/image\/"},"sameAs":["https:\/\/www.facebook.com\/associationAnimacao","https:\/\/www.instagram.com\/associationanimacao\/"]},{"@type":"Person","@id":"http:\/\/studio-animacao.net\/blogo\/#\/schema\/person\/d43605ef0d5681c1b27a4ba1fede1cf4","name":"admin","image":{"@type":"ImageObject","inLanguage":"fr-FR","@id":"http:\/\/studio-animacao.net\/blogo\/#\/schema\/person\/image\/","url":"http:\/\/2.gravatar.com\/avatar\/ecf3aaaf6b5e78c58493c9d6029e0fa2?s=96&d=mm&r=g","contentUrl":"http:\/\/2.gravatar.com\/avatar\/ecf3aaaf6b5e78c58493c9d6029e0fa2?s=96&d=mm&r=g","caption":"admin"},"url":"http:\/\/studio-animacao.net\/blogo\/author\/admin\/"}]}},"_links":{"self":[{"href":"http:\/\/studio-animacao.net\/blogo\/wp-json\/wp\/v2\/posts\/261"}],"collection":[{"href":"http:\/\/studio-animacao.net\/blogo\/wp-json\/wp\/v2\/posts"}],"about":[{"href":"http:\/\/studio-animacao.net\/blogo\/wp-json\/wp\/v2\/types\/post"}],"author":[{"embeddable":true,"href":"http:\/\/studio-animacao.net\/blogo\/wp-json\/wp\/v2\/users\/1"}],"replies":[{"embeddable":true,"href":"http:\/\/studio-animacao.net\/blogo\/wp-json\/wp\/v2\/comments?post=261"}],"version-history":[{"count":2,"href":"http:\/\/studio-animacao.net\/blogo\/wp-json\/wp\/v2\/posts\/261\/revisions"}],"predecessor-version":[{"id":268,"href":"http:\/\/studio-animacao.net\/blogo\/wp-json\/wp\/v2\/posts\/261\/revisions\/268"}],"wp:attachment":[{"href":"http:\/\/studio-animacao.net\/blogo\/wp-json\/wp\/v2\/media?parent=261"}],"wp:term":[{"taxonomy":"category","embeddable":true,"href":"http:\/\/studio-animacao.net\/blogo\/wp-json\/wp\/v2\/categories?post=261"},{"taxonomy":"post_tag","embeddable":true,"href":"http:\/\/studio-animacao.net\/blogo\/wp-json\/wp\/v2\/tags?post=261"}],"curies":[{"name":"wp","href":"https:\/\/api.w.org\/{rel}","templated":true}]}}