{"id":2716,"date":"2024-12-01T18:08:20","date_gmt":"2024-12-01T17:08:20","guid":{"rendered":"https:\/\/studio-animacao.net\/blogo\/?p=2716"},"modified":"2024-12-01T18:08:21","modified_gmt":"2024-12-01T17:08:21","slug":"memoires-de-platines-sur-le-territoire","status":"publish","type":"post","link":"http:\/\/studio-animacao.net\/blogo\/memoires-de-platines-sur-le-territoire\/","title":{"rendered":"M\u00e9moires de platines sur le territoire"},"content":{"rendered":"\n<p>Quelques \u00e9tablissements accueillant des personnes \u00e2g\u00e9es ont pu d\u00e9couvrir le projet M\u00e9moires de Platines et y participer.<\/p>\n\n\n\n<figure class=\"wp-block-image size-large\"><img decoding=\"async\" loading=\"lazy\" width=\"1024\" height=\"714\" src=\"https:\/\/studio-animacao.net\/blogo\/wp-content\/uploads\/2024\/12\/disqueAdamo-1024x714.jpg\" alt=\"\" class=\"wp-image-2717\" srcset=\"http:\/\/studio-animacao.net\/blogo\/wp-content\/uploads\/2024\/12\/disqueAdamo-1024x714.jpg 1024w, http:\/\/studio-animacao.net\/blogo\/wp-content\/uploads\/2024\/12\/disqueAdamo-300x209.jpg 300w, http:\/\/studio-animacao.net\/blogo\/wp-content\/uploads\/2024\/12\/disqueAdamo-768x536.jpg 768w, http:\/\/studio-animacao.net\/blogo\/wp-content\/uploads\/2024\/12\/disqueAdamo.jpg 1219w\" sizes=\"(max-width: 1024px) 100vw, 1024px\" \/><\/figure>\n\n\n\n<p>A Salies-du-Salat, Saint-Martory et Beauchalot, la platine s&rsquo;est install\u00e9e et les disques ont tourn\u00e9 pour faire remonter les souvenirs, les airs, les paroles&#8230;<\/p>\n\n\n\n<figure class=\"wp-block-image size-large\"><img decoding=\"async\" loading=\"lazy\" width=\"1024\" height=\"703\" src=\"https:\/\/studio-animacao.net\/blogo\/wp-content\/uploads\/2024\/12\/Memoire2Platine0-1024x703.jpg\" alt=\"\" class=\"wp-image-2718\" srcset=\"http:\/\/studio-animacao.net\/blogo\/wp-content\/uploads\/2024\/12\/Memoire2Platine0-1024x703.jpg 1024w, http:\/\/studio-animacao.net\/blogo\/wp-content\/uploads\/2024\/12\/Memoire2Platine0-300x206.jpg 300w, http:\/\/studio-animacao.net\/blogo\/wp-content\/uploads\/2024\/12\/Memoire2Platine0-768x527.jpg 768w, http:\/\/studio-animacao.net\/blogo\/wp-content\/uploads\/2024\/12\/Memoire2Platine0.jpg 1238w\" sizes=\"(max-width: 1024px) 100vw, 1024px\" \/><\/figure>\n\n\n\n<p>De beaux moments en musique et partages&#8230;<\/p>\n\n\n\n<figure class=\"wp-block-image size-large\"><img decoding=\"async\" loading=\"lazy\" width=\"1024\" height=\"768\" src=\"https:\/\/studio-animacao.net\/blogo\/wp-content\/uploads\/2024\/12\/platine0-1024x768.jpg\" alt=\"\" class=\"wp-image-2719\" srcset=\"http:\/\/studio-animacao.net\/blogo\/wp-content\/uploads\/2024\/12\/platine0-1024x768.jpg 1024w, http:\/\/studio-animacao.net\/blogo\/wp-content\/uploads\/2024\/12\/platine0-300x225.jpg 300w, http:\/\/studio-animacao.net\/blogo\/wp-content\/uploads\/2024\/12\/platine0-768x576.jpg 768w, http:\/\/studio-animacao.net\/blogo\/wp-content\/uploads\/2024\/12\/platine0.jpg 1134w\" sizes=\"(max-width: 1024px) 100vw, 1024px\" \/><\/figure>\n","protected":false},"excerpt":{"rendered":"<p>Quelques \u00e9tablissements accueillant des personnes \u00e2g\u00e9es ont pu d\u00e9couvrir le projet M\u00e9moires de Platines et y participer. A Salies-du-Salat, Saint-Martory et Beauchalot, la platine s&rsquo;est install\u00e9e et les disques ont tourn\u00e9 pour faire remonter les souvenirs, les airs, les paroles&#8230; &hellip; <a href=\"http:\/\/studio-animacao.net\/blogo\/memoires-de-platines-sur-le-territoire\/\">Continuer la lecture <span class=\"meta-nav\">&rarr;<\/span><\/a><\/p>\n","protected":false},"author":1,"featured_media":0,"comment_status":"open","ping_status":"open","sticky":false,"template":"","format":"standard","meta":[],"categories":[1],"tags":[657,550,653,652,649,579,654,656,655],"yoast_head":"<!-- This site is optimized with the Yoast SEO plugin v20.9 - https:\/\/yoast.com\/wordpress\/plugins\/seo\/ -->\n<title>M\u00e9moires de platines sur le territoire - Le BLOGO d&#039;Anima\u00e7\u00e3o<\/title>\n<meta name=\"robots\" content=\"index, follow, max-snippet:-1, max-image-preview:large, max-video-preview:-1\" \/>\n<link rel=\"canonical\" href=\"http:\/\/studio-animacao.net\/blogo\/memoires-de-platines-sur-le-territoire\/\" \/>\n<meta property=\"og:locale\" content=\"fr_FR\" \/>\n<meta property=\"og:type\" content=\"article\" \/>\n<meta property=\"og:title\" content=\"M\u00e9moires de platines sur le territoire - Le BLOGO d&#039;Anima\u00e7\u00e3o\" \/>\n<meta property=\"og:description\" content=\"Quelques \u00e9tablissements accueillant des personnes \u00e2g\u00e9es ont pu d\u00e9couvrir le projet M\u00e9moires de Platines et y participer. A Salies-du-Salat, Saint-Martory et Beauchalot, la platine s&rsquo;est install\u00e9e et les disques ont tourn\u00e9 pour faire remonter les souvenirs, les airs, les paroles&#8230; &hellip; Continuer la lecture &rarr;\" \/>\n<meta property=\"og:url\" content=\"http:\/\/studio-animacao.net\/blogo\/memoires-de-platines-sur-le-territoire\/\" \/>\n<meta property=\"og:site_name\" content=\"Le BLOGO d&#039;Anima\u00e7\u00e3o\" \/>\n<meta property=\"article:publisher\" content=\"https:\/\/www.facebook.com\/associationAnimacao\" \/>\n<meta property=\"article:published_time\" content=\"2024-12-01T17:08:20+00:00\" \/>\n<meta property=\"article:modified_time\" content=\"2024-12-01T17:08:21+00:00\" \/>\n<meta property=\"og:image\" content=\"https:\/\/studio-animacao.net\/blogo\/wp-content\/uploads\/2024\/12\/disqueAdamo-1024x714.jpg\" \/>\n<meta name=\"author\" content=\"admin\" \/>\n<meta name=\"twitter:card\" content=\"summary_large_image\" \/>\n<meta name=\"twitter:label1\" content=\"\u00c9crit par\" \/>\n\t<meta name=\"twitter:data1\" content=\"admin\" \/>\n\t<meta name=\"twitter:label2\" content=\"Dur\u00e9e de lecture estim\u00e9e\" \/>\n\t<meta name=\"twitter:data2\" content=\"1 minute\" \/>\n<script type=\"application\/ld+json\" class=\"yoast-schema-graph\">{\"@context\":\"https:\/\/schema.org\",\"@graph\":[{\"@type\":\"Article\",\"@id\":\"http:\/\/studio-animacao.net\/blogo\/memoires-de-platines-sur-le-territoire\/#article\",\"isPartOf\":{\"@id\":\"http:\/\/studio-animacao.net\/blogo\/memoires-de-platines-sur-le-territoire\/\"},\"author\":{\"name\":\"admin\",\"@id\":\"http:\/\/studio-animacao.net\/blogo\/#\/schema\/person\/d43605ef0d5681c1b27a4ba1fede1cf4\"},\"headline\":\"M\u00e9moires de platines sur le territoire\",\"datePublished\":\"2024-12-01T17:08:20+00:00\",\"dateModified\":\"2024-12-01T17:08:21+00:00\",\"mainEntityOfPage\":{\"@id\":\"http:\/\/studio-animacao.net\/blogo\/memoires-de-platines-sur-le-territoire\/\"},\"wordCount\":58,\"commentCount\":0,\"publisher\":{\"@id\":\"http:\/\/studio-animacao.net\/blogo\/#organization\"},\"keywords\":[\"Beauchalot\",\"Cagire Garonne Salat\",\"disques\",\"EHPAD\",\"m\u00e9moires de platines\",\"musique\",\"personnes \u00e2g\u00e9es\",\"Saint Martory\",\"salies-du-salat\"],\"articleSection\":[\"Uncategorized\"],\"inLanguage\":\"fr-FR\",\"potentialAction\":[{\"@type\":\"CommentAction\",\"name\":\"Comment\",\"target\":[\"http:\/\/studio-animacao.net\/blogo\/memoires-de-platines-sur-le-territoire\/#respond\"]}]},{\"@type\":\"WebPage\",\"@id\":\"http:\/\/studio-animacao.net\/blogo\/memoires-de-platines-sur-le-territoire\/\",\"url\":\"http:\/\/studio-animacao.net\/blogo\/memoires-de-platines-sur-le-territoire\/\",\"name\":\"M\u00e9moires de platines sur le territoire - Le BLOGO d&#039;Anima\u00e7\u00e3o\",\"isPartOf\":{\"@id\":\"http:\/\/studio-animacao.net\/blogo\/#website\"},\"datePublished\":\"2024-12-01T17:08:20+00:00\",\"dateModified\":\"2024-12-01T17:08:21+00:00\",\"breadcrumb\":{\"@id\":\"http:\/\/studio-animacao.net\/blogo\/memoires-de-platines-sur-le-territoire\/#breadcrumb\"},\"inLanguage\":\"fr-FR\",\"potentialAction\":[{\"@type\":\"ReadAction\",\"target\":[\"http:\/\/studio-animacao.net\/blogo\/memoires-de-platines-sur-le-territoire\/\"]}]},{\"@type\":\"BreadcrumbList\",\"@id\":\"http:\/\/studio-animacao.net\/blogo\/memoires-de-platines-sur-le-territoire\/#breadcrumb\",\"itemListElement\":[{\"@type\":\"ListItem\",\"position\":1,\"name\":\"Accueil\",\"item\":\"http:\/\/studio-animacao.net\/blogo\/\"},{\"@type\":\"ListItem\",\"position\":2,\"name\":\"M\u00e9moires de platines sur le territoire\"}]},{\"@type\":\"WebSite\",\"@id\":\"http:\/\/studio-animacao.net\/blogo\/#website\",\"url\":\"http:\/\/studio-animacao.net\/blogo\/\",\"name\":\"Le BLOGO d'Anima\u00e7\u00e3o\",\"description\":\"le BLOGO des marios (net ou pas)\",\"publisher\":{\"@id\":\"http:\/\/studio-animacao.net\/blogo\/#organization\"},\"potentialAction\":[{\"@type\":\"SearchAction\",\"target\":{\"@type\":\"EntryPoint\",\"urlTemplate\":\"http:\/\/studio-animacao.net\/blogo\/?s={search_term_string}\"},\"query-input\":\"required name=search_term_string\"}],\"inLanguage\":\"fr-FR\"},{\"@type\":\"Organization\",\"@id\":\"http:\/\/studio-animacao.net\/blogo\/#organization\",\"name\":\"Le BLOGO d'Anima\u00e7\u00e3o\",\"url\":\"http:\/\/studio-animacao.net\/blogo\/\",\"logo\":{\"@type\":\"ImageObject\",\"inLanguage\":\"fr-FR\",\"@id\":\"http:\/\/studio-animacao.net\/blogo\/#\/schema\/logo\/image\/\",\"url\":\"http:\/\/studio-animacao.net\/blogo\/wp-content\/uploads\/2023\/06\/Animlogo.jpg\",\"contentUrl\":\"http:\/\/studio-animacao.net\/blogo\/wp-content\/uploads\/2023\/06\/Animlogo.jpg\",\"width\":400,\"height\":227,\"caption\":\"Le BLOGO d'Anima\u00e7\u00e3o\"},\"image\":{\"@id\":\"http:\/\/studio-animacao.net\/blogo\/#\/schema\/logo\/image\/\"},\"sameAs\":[\"https:\/\/www.facebook.com\/associationAnimacao\",\"https:\/\/www.instagram.com\/associationanimacao\/\"]},{\"@type\":\"Person\",\"@id\":\"http:\/\/studio-animacao.net\/blogo\/#\/schema\/person\/d43605ef0d5681c1b27a4ba1fede1cf4\",\"name\":\"admin\",\"image\":{\"@type\":\"ImageObject\",\"inLanguage\":\"fr-FR\",\"@id\":\"http:\/\/studio-animacao.net\/blogo\/#\/schema\/person\/image\/\",\"url\":\"http:\/\/2.gravatar.com\/avatar\/ecf3aaaf6b5e78c58493c9d6029e0fa2?s=96&d=mm&r=g\",\"contentUrl\":\"http:\/\/2.gravatar.com\/avatar\/ecf3aaaf6b5e78c58493c9d6029e0fa2?s=96&d=mm&r=g\",\"caption\":\"admin\"},\"url\":\"http:\/\/studio-animacao.net\/blogo\/author\/admin\/\"}]}<\/script>\n<!-- \/ Yoast SEO plugin. -->","yoast_head_json":{"title":"M\u00e9moires de platines sur le territoire - Le BLOGO d&#039;Anima\u00e7\u00e3o","robots":{"index":"index","follow":"follow","max-snippet":"max-snippet:-1","max-image-preview":"max-image-preview:large","max-video-preview":"max-video-preview:-1"},"canonical":"http:\/\/studio-animacao.net\/blogo\/memoires-de-platines-sur-le-territoire\/","og_locale":"fr_FR","og_type":"article","og_title":"M\u00e9moires de platines sur le territoire - Le BLOGO d&#039;Anima\u00e7\u00e3o","og_description":"Quelques \u00e9tablissements accueillant des personnes \u00e2g\u00e9es ont pu d\u00e9couvrir le projet M\u00e9moires de Platines et y participer. A Salies-du-Salat, Saint-Martory et Beauchalot, la platine s&rsquo;est install\u00e9e et les disques ont tourn\u00e9 pour faire remonter les souvenirs, les airs, les paroles&#8230; &hellip; Continuer la lecture &rarr;","og_url":"http:\/\/studio-animacao.net\/blogo\/memoires-de-platines-sur-le-territoire\/","og_site_name":"Le BLOGO d&#039;Anima\u00e7\u00e3o","article_publisher":"https:\/\/www.facebook.com\/associationAnimacao","article_published_time":"2024-12-01T17:08:20+00:00","article_modified_time":"2024-12-01T17:08:21+00:00","og_image":[{"url":"https:\/\/studio-animacao.net\/blogo\/wp-content\/uploads\/2024\/12\/disqueAdamo-1024x714.jpg"}],"author":"admin","twitter_card":"summary_large_image","twitter_misc":{"\u00c9crit par":"admin","Dur\u00e9e de lecture estim\u00e9e":"1 minute"},"schema":{"@context":"https:\/\/schema.org","@graph":[{"@type":"Article","@id":"http:\/\/studio-animacao.net\/blogo\/memoires-de-platines-sur-le-territoire\/#article","isPartOf":{"@id":"http:\/\/studio-animacao.net\/blogo\/memoires-de-platines-sur-le-territoire\/"},"author":{"name":"admin","@id":"http:\/\/studio-animacao.net\/blogo\/#\/schema\/person\/d43605ef0d5681c1b27a4ba1fede1cf4"},"headline":"M\u00e9moires de platines sur le territoire","datePublished":"2024-12-01T17:08:20+00:00","dateModified":"2024-12-01T17:08:21+00:00","mainEntityOfPage":{"@id":"http:\/\/studio-animacao.net\/blogo\/memoires-de-platines-sur-le-territoire\/"},"wordCount":58,"commentCount":0,"publisher":{"@id":"http:\/\/studio-animacao.net\/blogo\/#organization"},"keywords":["Beauchalot","Cagire Garonne Salat","disques","EHPAD","m\u00e9moires de platines","musique","personnes \u00e2g\u00e9es","Saint Martory","salies-du-salat"],"articleSection":["Uncategorized"],"inLanguage":"fr-FR","potentialAction":[{"@type":"CommentAction","name":"Comment","target":["http:\/\/studio-animacao.net\/blogo\/memoires-de-platines-sur-le-territoire\/#respond"]}]},{"@type":"WebPage","@id":"http:\/\/studio-animacao.net\/blogo\/memoires-de-platines-sur-le-territoire\/","url":"http:\/\/studio-animacao.net\/blogo\/memoires-de-platines-sur-le-territoire\/","name":"M\u00e9moires de platines sur le territoire - Le BLOGO d&#039;Anima\u00e7\u00e3o","isPartOf":{"@id":"http:\/\/studio-animacao.net\/blogo\/#website"},"datePublished":"2024-12-01T17:08:20+00:00","dateModified":"2024-12-01T17:08:21+00:00","breadcrumb":{"@id":"http:\/\/studio-animacao.net\/blogo\/memoires-de-platines-sur-le-territoire\/#breadcrumb"},"inLanguage":"fr-FR","potentialAction":[{"@type":"ReadAction","target":["http:\/\/studio-animacao.net\/blogo\/memoires-de-platines-sur-le-territoire\/"]}]},{"@type":"BreadcrumbList","@id":"http:\/\/studio-animacao.net\/blogo\/memoires-de-platines-sur-le-territoire\/#breadcrumb","itemListElement":[{"@type":"ListItem","position":1,"name":"Accueil","item":"http:\/\/studio-animacao.net\/blogo\/"},{"@type":"ListItem","position":2,"name":"M\u00e9moires de platines sur le territoire"}]},{"@type":"WebSite","@id":"http:\/\/studio-animacao.net\/blogo\/#website","url":"http:\/\/studio-animacao.net\/blogo\/","name":"Le BLOGO d'Anima\u00e7\u00e3o","description":"le BLOGO des marios (net ou pas)","publisher":{"@id":"http:\/\/studio-animacao.net\/blogo\/#organization"},"potentialAction":[{"@type":"SearchAction","target":{"@type":"EntryPoint","urlTemplate":"http:\/\/studio-animacao.net\/blogo\/?s={search_term_string}"},"query-input":"required name=search_term_string"}],"inLanguage":"fr-FR"},{"@type":"Organization","@id":"http:\/\/studio-animacao.net\/blogo\/#organization","name":"Le BLOGO d'Anima\u00e7\u00e3o","url":"http:\/\/studio-animacao.net\/blogo\/","logo":{"@type":"ImageObject","inLanguage":"fr-FR","@id":"http:\/\/studio-animacao.net\/blogo\/#\/schema\/logo\/image\/","url":"http:\/\/studio-animacao.net\/blogo\/wp-content\/uploads\/2023\/06\/Animlogo.jpg","contentUrl":"http:\/\/studio-animacao.net\/blogo\/wp-content\/uploads\/2023\/06\/Animlogo.jpg","width":400,"height":227,"caption":"Le BLOGO d'Anima\u00e7\u00e3o"},"image":{"@id":"http:\/\/studio-animacao.net\/blogo\/#\/schema\/logo\/image\/"},"sameAs":["https:\/\/www.facebook.com\/associationAnimacao","https:\/\/www.instagram.com\/associationanimacao\/"]},{"@type":"Person","@id":"http:\/\/studio-animacao.net\/blogo\/#\/schema\/person\/d43605ef0d5681c1b27a4ba1fede1cf4","name":"admin","image":{"@type":"ImageObject","inLanguage":"fr-FR","@id":"http:\/\/studio-animacao.net\/blogo\/#\/schema\/person\/image\/","url":"http:\/\/2.gravatar.com\/avatar\/ecf3aaaf6b5e78c58493c9d6029e0fa2?s=96&d=mm&r=g","contentUrl":"http:\/\/2.gravatar.com\/avatar\/ecf3aaaf6b5e78c58493c9d6029e0fa2?s=96&d=mm&r=g","caption":"admin"},"url":"http:\/\/studio-animacao.net\/blogo\/author\/admin\/"}]}},"_links":{"self":[{"href":"http:\/\/studio-animacao.net\/blogo\/wp-json\/wp\/v2\/posts\/2716"}],"collection":[{"href":"http:\/\/studio-animacao.net\/blogo\/wp-json\/wp\/v2\/posts"}],"about":[{"href":"http:\/\/studio-animacao.net\/blogo\/wp-json\/wp\/v2\/types\/post"}],"author":[{"embeddable":true,"href":"http:\/\/studio-animacao.net\/blogo\/wp-json\/wp\/v2\/users\/1"}],"replies":[{"embeddable":true,"href":"http:\/\/studio-animacao.net\/blogo\/wp-json\/wp\/v2\/comments?post=2716"}],"version-history":[{"count":1,"href":"http:\/\/studio-animacao.net\/blogo\/wp-json\/wp\/v2\/posts\/2716\/revisions"}],"predecessor-version":[{"id":2720,"href":"http:\/\/studio-animacao.net\/blogo\/wp-json\/wp\/v2\/posts\/2716\/revisions\/2720"}],"wp:attachment":[{"href":"http:\/\/studio-animacao.net\/blogo\/wp-json\/wp\/v2\/media?parent=2716"}],"wp:term":[{"taxonomy":"category","embeddable":true,"href":"http:\/\/studio-animacao.net\/blogo\/wp-json\/wp\/v2\/categories?post=2716"},{"taxonomy":"post_tag","embeddable":true,"href":"http:\/\/studio-animacao.net\/blogo\/wp-json\/wp\/v2\/tags?post=2716"}],"curies":[{"name":"wp","href":"https:\/\/api.w.org\/{rel}","templated":true}]}}