{"id":840,"date":"2016-04-16T11:33:47","date_gmt":"2016-04-16T09:33:47","guid":{"rendered":"http:\/\/studio-animacao.net\/blogo\/?p=840"},"modified":"2016-04-16T11:37:04","modified_gmt":"2016-04-16T09:37:04","slug":"exposition-art-numeric-a-lecole-jean-alphand-partie-3","status":"publish","type":"post","link":"https:\/\/studio-animacao.net\/blogo\/exposition-art-numeric-a-lecole-jean-alphand-partie-3\/","title":{"rendered":"Exposition Art Numeric \u00e0 l&rsquo;\u00e9cole Jean Alphand (Partie 3)"},"content":{"rendered":"<p style=\"text-align: center;\"><strong>Les parents et les enfants sont venus nombreux voir l&rsquo;exposition qui a \u00e9t\u00e9 pr\u00e9sent\u00e9e plusieurs jours.<\/strong><\/p>\n<p><a href=\"http:\/\/studio-animacao.net\/blogo\/wp-content\/uploads\/2016\/04\/expoalphand01.jpg\"><img decoding=\"async\" loading=\"lazy\" class=\"aligncenter wp-image-841 size-medium\" src=\"http:\/\/studio-animacao.net\/blogo\/wp-content\/uploads\/2016\/04\/expoalphand01-300x200.jpg\" alt=\"expoalphand01\" width=\"300\" height=\"200\" srcset=\"https:\/\/studio-animacao.net\/blogo\/wp-content\/uploads\/2016\/04\/expoalphand01-300x200.jpg 300w, https:\/\/studio-animacao.net\/blogo\/wp-content\/uploads\/2016\/04\/expoalphand01.jpg 709w\" sizes=\"(max-width: 300px) 100vw, 300px\" \/><\/a> <a href=\"http:\/\/studio-animacao.net\/blogo\/wp-content\/uploads\/2016\/04\/expoalphand02.jpg\"><img decoding=\"async\" loading=\"lazy\" class=\"aligncenter wp-image-842 size-medium\" src=\"http:\/\/studio-animacao.net\/blogo\/wp-content\/uploads\/2016\/04\/expoalphand02-200x300.jpg\" alt=\"expoalphand02\" width=\"200\" height=\"300\" srcset=\"https:\/\/studio-animacao.net\/blogo\/wp-content\/uploads\/2016\/04\/expoalphand02-200x300.jpg 200w, https:\/\/studio-animacao.net\/blogo\/wp-content\/uploads\/2016\/04\/expoalphand02.jpg 472w\" sizes=\"(max-width: 200px) 100vw, 200px\" \/><\/a> <a href=\"http:\/\/studio-animacao.net\/blogo\/wp-content\/uploads\/2016\/04\/expoalphand04.jpg\"><img decoding=\"async\" loading=\"lazy\" class=\"wp-image-843 size-medium alignleft\" src=\"http:\/\/studio-animacao.net\/blogo\/wp-content\/uploads\/2016\/04\/expoalphand04-300x200.jpg\" alt=\"expoalphand04\" width=\"300\" height=\"200\" srcset=\"https:\/\/studio-animacao.net\/blogo\/wp-content\/uploads\/2016\/04\/expoalphand04-300x200.jpg 300w, https:\/\/studio-animacao.net\/blogo\/wp-content\/uploads\/2016\/04\/expoalphand04.jpg 709w\" sizes=\"(max-width: 300px) 100vw, 300px\" \/><\/a> <a href=\"http:\/\/studio-animacao.net\/blogo\/wp-content\/uploads\/2016\/04\/expoalphand05.jpg\"><img decoding=\"async\" loading=\"lazy\" class=\"wp-image-844 size-medium alignnone\" src=\"http:\/\/studio-animacao.net\/blogo\/wp-content\/uploads\/2016\/04\/expoalphand05-300x200.jpg\" alt=\"expoalphand05\" width=\"300\" height=\"200\" srcset=\"https:\/\/studio-animacao.net\/blogo\/wp-content\/uploads\/2016\/04\/expoalphand05-300x200.jpg 300w, https:\/\/studio-animacao.net\/blogo\/wp-content\/uploads\/2016\/04\/expoalphand05.jpg 709w\" sizes=\"(max-width: 300px) 100vw, 300px\" \/><\/a><\/p>\n<p style=\"text-align: center;\"><strong>Certains enfants ont fait des d\u00e9monstrations de Gepetto aux curieux&#8230;<\/strong><\/p>\n<p style=\"text-align: center;\"><a href=\"http:\/\/studio-animacao.net\/blogo\/wp-content\/uploads\/2016\/04\/expoalphand03.jpg\"><img decoding=\"async\" loading=\"lazy\" class=\"aligncenter wp-image-849 size-medium\" src=\"http:\/\/studio-animacao.net\/blogo\/wp-content\/uploads\/2016\/04\/expoalphand03-200x300.jpg\" alt=\"expoalphand03\" width=\"200\" height=\"300\" srcset=\"https:\/\/studio-animacao.net\/blogo\/wp-content\/uploads\/2016\/04\/expoalphand03-200x300.jpg 200w, https:\/\/studio-animacao.net\/blogo\/wp-content\/uploads\/2016\/04\/expoalphand03.jpg 472w\" sizes=\"(max-width: 200px) 100vw, 200px\" \/><\/a><\/p>\n<p style=\"text-align: center;\"><a href=\"http:\/\/studio-animacao.net\/blogo\/wp-content\/uploads\/2016\/04\/anim.jpg\"><img decoding=\"async\" loading=\"lazy\" class=\"wp-image-845 size-medium alignright\" src=\"http:\/\/studio-animacao.net\/blogo\/wp-content\/uploads\/2016\/04\/anim-300x217.jpg\" alt=\"anim\" width=\"300\" height=\"217\" srcset=\"https:\/\/studio-animacao.net\/blogo\/wp-content\/uploads\/2016\/04\/anim-300x217.jpg 300w, https:\/\/studio-animacao.net\/blogo\/wp-content\/uploads\/2016\/04\/anim.jpg 591w\" sizes=\"(max-width: 300px) 100vw, 300px\" \/><\/a><\/p>\n<p style=\"text-align: center;\"><strong>alors que, dans une salle attenante, les films r\u00e9alis\u00e9s \u00e9taient projet\u00e9s.<\/strong><\/p>\n<p>&nbsp;<\/p>\n<p><a href=\"http:\/\/studio-animacao.net\/blogo\/wp-content\/uploads\/2016\/04\/expoalphand08.jpg\"><img decoding=\"async\" loading=\"lazy\" class=\"wp-image-846 size-medium alignleft\" src=\"http:\/\/studio-animacao.net\/blogo\/wp-content\/uploads\/2016\/04\/expoalphand08-300x200.jpg\" alt=\"expoalphand08\" width=\"300\" height=\"200\" srcset=\"https:\/\/studio-animacao.net\/blogo\/wp-content\/uploads\/2016\/04\/expoalphand08-300x200.jpg 300w, https:\/\/studio-animacao.net\/blogo\/wp-content\/uploads\/2016\/04\/expoalphand08.jpg 709w\" sizes=\"(max-width: 300px) 100vw, 300px\" \/><\/a><\/p>\n<p>&nbsp;<\/p>\n<p>&nbsp;<\/p>\n<p><strong>Nous remercions l&rsquo;enseignante et tous les enfants qui ont particip\u00e9 au projet ainsi que les parents qui sont venus visiter l&rsquo;exposition!<\/strong><\/p>\n","protected":false},"excerpt":{"rendered":"<p>Les parents et les enfants sont venus nombreux voir l&rsquo;exposition qui a \u00e9t\u00e9 pr\u00e9sent\u00e9e plusieurs jours. Certains enfants ont fait des d\u00e9monstrations de Gepetto aux curieux&#8230; alors que, dans une salle attenante, les films r\u00e9alis\u00e9s \u00e9taient projet\u00e9s. &nbsp; &nbsp; &nbsp; &hellip; <a href=\"https:\/\/studio-animacao.net\/blogo\/exposition-art-numeric-a-lecole-jean-alphand-partie-3\/\">Continuer la lecture <span class=\"meta-nav\">&rarr;<\/span><\/a><\/p>\n","protected":false},"author":1,"featured_media":842,"comment_status":"open","ping_status":"open","sticky":false,"template":"","format":"standard","meta":[],"categories":[],"tags":[53,6,197,210,131,199],"yoast_head":"<!-- This site is optimized with the Yoast SEO plugin v20.9 - https:\/\/yoast.com\/wordpress\/plugins\/seo\/ -->\n<title>Exposition Art Numeric \u00e0 l&#039;\u00e9cole Jean Alphand (Partie 3) - Le BLOGO d&#039;Anima\u00e7\u00e3o<\/title>\n<meta name=\"robots\" content=\"index, follow, max-snippet:-1, max-image-preview:large, max-video-preview:-1\" \/>\n<link rel=\"canonical\" href=\"https:\/\/studio-animacao.net\/blogo\/exposition-art-numeric-a-lecole-jean-alphand-partie-3\/\" \/>\n<meta property=\"og:locale\" content=\"fr_FR\" \/>\n<meta property=\"og:type\" content=\"article\" \/>\n<meta property=\"og:title\" content=\"Exposition Art Numeric \u00e0 l&#039;\u00e9cole Jean Alphand (Partie 3) - Le BLOGO d&#039;Anima\u00e7\u00e3o\" \/>\n<meta property=\"og:description\" content=\"Les parents et les enfants sont venus nombreux voir l&rsquo;exposition qui a \u00e9t\u00e9 pr\u00e9sent\u00e9e plusieurs jours. Certains enfants ont fait des d\u00e9monstrations de Gepetto aux curieux&#8230; alors que, dans une salle attenante, les films r\u00e9alis\u00e9s \u00e9taient projet\u00e9s. &nbsp; &nbsp; &nbsp; &hellip; Continuer la lecture &rarr;\" \/>\n<meta property=\"og:url\" content=\"https:\/\/studio-animacao.net\/blogo\/exposition-art-numeric-a-lecole-jean-alphand-partie-3\/\" \/>\n<meta property=\"og:site_name\" content=\"Le BLOGO d&#039;Anima\u00e7\u00e3o\" \/>\n<meta property=\"article:publisher\" content=\"https:\/\/www.facebook.com\/associationAnimacao\" \/>\n<meta property=\"article:published_time\" content=\"2016-04-16T09:33:47+00:00\" \/>\n<meta property=\"article:modified_time\" content=\"2016-04-16T09:37:04+00:00\" \/>\n<meta property=\"og:image\" content=\"https:\/\/studio-animacao.net\/blogo\/wp-content\/uploads\/2016\/04\/expoalphand02.jpg\" \/>\n\t<meta property=\"og:image:width\" content=\"472\" \/>\n\t<meta property=\"og:image:height\" content=\"709\" \/>\n\t<meta property=\"og:image:type\" content=\"image\/jpeg\" \/>\n<meta name=\"author\" content=\"admin\" \/>\n<meta name=\"twitter:card\" content=\"summary_large_image\" \/>\n<meta name=\"twitter:label1\" content=\"\u00c9crit par\" \/>\n\t<meta name=\"twitter:data1\" content=\"admin\" \/>\n<script type=\"application\/ld+json\" class=\"yoast-schema-graph\">{\"@context\":\"https:\/\/schema.org\",\"@graph\":[{\"@type\":\"Article\",\"@id\":\"https:\/\/studio-animacao.net\/blogo\/exposition-art-numeric-a-lecole-jean-alphand-partie-3\/#article\",\"isPartOf\":{\"@id\":\"https:\/\/studio-animacao.net\/blogo\/exposition-art-numeric-a-lecole-jean-alphand-partie-3\/\"},\"author\":{\"name\":\"admin\",\"@id\":\"https:\/\/studio-animacao.net\/blogo\/#\/schema\/person\/d43605ef0d5681c1b27a4ba1fede1cf4\"},\"headline\":\"Exposition Art Numeric \u00e0 l&rsquo;\u00e9cole Jean Alphand (Partie 3)\",\"datePublished\":\"2016-04-16T09:33:47+00:00\",\"dateModified\":\"2016-04-16T09:37:04+00:00\",\"mainEntityOfPage\":{\"@id\":\"https:\/\/studio-animacao.net\/blogo\/exposition-art-numeric-a-lecole-jean-alphand-partie-3\/\"},\"wordCount\":75,\"commentCount\":0,\"publisher\":{\"@id\":\"https:\/\/studio-animacao.net\/blogo\/#organization\"},\"keywords\":[\"art numeric\",\"Ateliers\",\"\u00e9cole Jean Alphand Toulouse\",\"Exposition\",\"passeports pour l'Art\",\"passeports pour l'Art\"],\"inLanguage\":\"fr-FR\",\"potentialAction\":[{\"@type\":\"CommentAction\",\"name\":\"Comment\",\"target\":[\"https:\/\/studio-animacao.net\/blogo\/exposition-art-numeric-a-lecole-jean-alphand-partie-3\/#respond\"]}]},{\"@type\":\"WebPage\",\"@id\":\"https:\/\/studio-animacao.net\/blogo\/exposition-art-numeric-a-lecole-jean-alphand-partie-3\/\",\"url\":\"https:\/\/studio-animacao.net\/blogo\/exposition-art-numeric-a-lecole-jean-alphand-partie-3\/\",\"name\":\"Exposition Art Numeric \u00e0 l'\u00e9cole Jean Alphand (Partie 3) - Le BLOGO d&#039;Anima\u00e7\u00e3o\",\"isPartOf\":{\"@id\":\"https:\/\/studio-animacao.net\/blogo\/#website\"},\"datePublished\":\"2016-04-16T09:33:47+00:00\",\"dateModified\":\"2016-04-16T09:37:04+00:00\",\"breadcrumb\":{\"@id\":\"https:\/\/studio-animacao.net\/blogo\/exposition-art-numeric-a-lecole-jean-alphand-partie-3\/#breadcrumb\"},\"inLanguage\":\"fr-FR\",\"potentialAction\":[{\"@type\":\"ReadAction\",\"target\":[\"https:\/\/studio-animacao.net\/blogo\/exposition-art-numeric-a-lecole-jean-alphand-partie-3\/\"]}]},{\"@type\":\"BreadcrumbList\",\"@id\":\"https:\/\/studio-animacao.net\/blogo\/exposition-art-numeric-a-lecole-jean-alphand-partie-3\/#breadcrumb\",\"itemListElement\":[{\"@type\":\"ListItem\",\"position\":1,\"name\":\"Accueil\",\"item\":\"https:\/\/studio-animacao.net\/blogo\/\"},{\"@type\":\"ListItem\",\"position\":2,\"name\":\"Exposition Art Numeric \u00e0 l&rsquo;\u00e9cole Jean Alphand (Partie 3)\"}]},{\"@type\":\"WebSite\",\"@id\":\"https:\/\/studio-animacao.net\/blogo\/#website\",\"url\":\"https:\/\/studio-animacao.net\/blogo\/\",\"name\":\"Le BLOGO d'Anima\u00e7\u00e3o\",\"description\":\"le BLOGO des marios (net ou pas)\",\"publisher\":{\"@id\":\"https:\/\/studio-animacao.net\/blogo\/#organization\"},\"potentialAction\":[{\"@type\":\"SearchAction\",\"target\":{\"@type\":\"EntryPoint\",\"urlTemplate\":\"https:\/\/studio-animacao.net\/blogo\/?s={search_term_string}\"},\"query-input\":\"required name=search_term_string\"}],\"inLanguage\":\"fr-FR\"},{\"@type\":\"Organization\",\"@id\":\"https:\/\/studio-animacao.net\/blogo\/#organization\",\"name\":\"Le BLOGO d'Anima\u00e7\u00e3o\",\"url\":\"https:\/\/studio-animacao.net\/blogo\/\",\"logo\":{\"@type\":\"ImageObject\",\"inLanguage\":\"fr-FR\",\"@id\":\"https:\/\/studio-animacao.net\/blogo\/#\/schema\/logo\/image\/\",\"url\":\"http:\/\/studio-animacao.net\/blogo\/wp-content\/uploads\/2023\/06\/Animlogo.jpg\",\"contentUrl\":\"http:\/\/studio-animacao.net\/blogo\/wp-content\/uploads\/2023\/06\/Animlogo.jpg\",\"width\":400,\"height\":227,\"caption\":\"Le BLOGO d'Anima\u00e7\u00e3o\"},\"image\":{\"@id\":\"https:\/\/studio-animacao.net\/blogo\/#\/schema\/logo\/image\/\"},\"sameAs\":[\"https:\/\/www.facebook.com\/associationAnimacao\",\"https:\/\/www.instagram.com\/associationanimacao\/\"]},{\"@type\":\"Person\",\"@id\":\"https:\/\/studio-animacao.net\/blogo\/#\/schema\/person\/d43605ef0d5681c1b27a4ba1fede1cf4\",\"name\":\"admin\",\"image\":{\"@type\":\"ImageObject\",\"inLanguage\":\"fr-FR\",\"@id\":\"https:\/\/studio-animacao.net\/blogo\/#\/schema\/person\/image\/\",\"url\":\"https:\/\/secure.gravatar.com\/avatar\/ecf3aaaf6b5e78c58493c9d6029e0fa2?s=96&d=mm&r=g\",\"contentUrl\":\"https:\/\/secure.gravatar.com\/avatar\/ecf3aaaf6b5e78c58493c9d6029e0fa2?s=96&d=mm&r=g\",\"caption\":\"admin\"},\"url\":\"https:\/\/studio-animacao.net\/blogo\/author\/admin\/\"}]}<\/script>\n<!-- \/ Yoast SEO plugin. -->","yoast_head_json":{"title":"Exposition Art Numeric \u00e0 l'\u00e9cole Jean Alphand (Partie 3) - Le BLOGO d&#039;Anima\u00e7\u00e3o","robots":{"index":"index","follow":"follow","max-snippet":"max-snippet:-1","max-image-preview":"max-image-preview:large","max-video-preview":"max-video-preview:-1"},"canonical":"https:\/\/studio-animacao.net\/blogo\/exposition-art-numeric-a-lecole-jean-alphand-partie-3\/","og_locale":"fr_FR","og_type":"article","og_title":"Exposition Art Numeric \u00e0 l'\u00e9cole Jean Alphand (Partie 3) - Le BLOGO d&#039;Anima\u00e7\u00e3o","og_description":"Les parents et les enfants sont venus nombreux voir l&rsquo;exposition qui a \u00e9t\u00e9 pr\u00e9sent\u00e9e plusieurs jours. Certains enfants ont fait des d\u00e9monstrations de Gepetto aux curieux&#8230; alors que, dans une salle attenante, les films r\u00e9alis\u00e9s \u00e9taient projet\u00e9s. &nbsp; &nbsp; &nbsp; &hellip; Continuer la lecture &rarr;","og_url":"https:\/\/studio-animacao.net\/blogo\/exposition-art-numeric-a-lecole-jean-alphand-partie-3\/","og_site_name":"Le BLOGO d&#039;Anima\u00e7\u00e3o","article_publisher":"https:\/\/www.facebook.com\/associationAnimacao","article_published_time":"2016-04-16T09:33:47+00:00","article_modified_time":"2016-04-16T09:37:04+00:00","og_image":[{"width":472,"height":709,"url":"https:\/\/studio-animacao.net\/blogo\/wp-content\/uploads\/2016\/04\/expoalphand02.jpg","type":"image\/jpeg"}],"author":"admin","twitter_card":"summary_large_image","twitter_misc":{"\u00c9crit par":"admin"},"schema":{"@context":"https:\/\/schema.org","@graph":[{"@type":"Article","@id":"https:\/\/studio-animacao.net\/blogo\/exposition-art-numeric-a-lecole-jean-alphand-partie-3\/#article","isPartOf":{"@id":"https:\/\/studio-animacao.net\/blogo\/exposition-art-numeric-a-lecole-jean-alphand-partie-3\/"},"author":{"name":"admin","@id":"https:\/\/studio-animacao.net\/blogo\/#\/schema\/person\/d43605ef0d5681c1b27a4ba1fede1cf4"},"headline":"Exposition Art Numeric \u00e0 l&rsquo;\u00e9cole Jean Alphand (Partie 3)","datePublished":"2016-04-16T09:33:47+00:00","dateModified":"2016-04-16T09:37:04+00:00","mainEntityOfPage":{"@id":"https:\/\/studio-animacao.net\/blogo\/exposition-art-numeric-a-lecole-jean-alphand-partie-3\/"},"wordCount":75,"commentCount":0,"publisher":{"@id":"https:\/\/studio-animacao.net\/blogo\/#organization"},"keywords":["art numeric","Ateliers","\u00e9cole Jean Alphand Toulouse","Exposition","passeports pour l'Art","passeports pour l'Art"],"inLanguage":"fr-FR","potentialAction":[{"@type":"CommentAction","name":"Comment","target":["https:\/\/studio-animacao.net\/blogo\/exposition-art-numeric-a-lecole-jean-alphand-partie-3\/#respond"]}]},{"@type":"WebPage","@id":"https:\/\/studio-animacao.net\/blogo\/exposition-art-numeric-a-lecole-jean-alphand-partie-3\/","url":"https:\/\/studio-animacao.net\/blogo\/exposition-art-numeric-a-lecole-jean-alphand-partie-3\/","name":"Exposition Art Numeric \u00e0 l'\u00e9cole Jean Alphand (Partie 3) - Le BLOGO d&#039;Anima\u00e7\u00e3o","isPartOf":{"@id":"https:\/\/studio-animacao.net\/blogo\/#website"},"datePublished":"2016-04-16T09:33:47+00:00","dateModified":"2016-04-16T09:37:04+00:00","breadcrumb":{"@id":"https:\/\/studio-animacao.net\/blogo\/exposition-art-numeric-a-lecole-jean-alphand-partie-3\/#breadcrumb"},"inLanguage":"fr-FR","potentialAction":[{"@type":"ReadAction","target":["https:\/\/studio-animacao.net\/blogo\/exposition-art-numeric-a-lecole-jean-alphand-partie-3\/"]}]},{"@type":"BreadcrumbList","@id":"https:\/\/studio-animacao.net\/blogo\/exposition-art-numeric-a-lecole-jean-alphand-partie-3\/#breadcrumb","itemListElement":[{"@type":"ListItem","position":1,"name":"Accueil","item":"https:\/\/studio-animacao.net\/blogo\/"},{"@type":"ListItem","position":2,"name":"Exposition Art Numeric \u00e0 l&rsquo;\u00e9cole Jean Alphand (Partie 3)"}]},{"@type":"WebSite","@id":"https:\/\/studio-animacao.net\/blogo\/#website","url":"https:\/\/studio-animacao.net\/blogo\/","name":"Le BLOGO d'Anima\u00e7\u00e3o","description":"le BLOGO des marios (net ou pas)","publisher":{"@id":"https:\/\/studio-animacao.net\/blogo\/#organization"},"potentialAction":[{"@type":"SearchAction","target":{"@type":"EntryPoint","urlTemplate":"https:\/\/studio-animacao.net\/blogo\/?s={search_term_string}"},"query-input":"required name=search_term_string"}],"inLanguage":"fr-FR"},{"@type":"Organization","@id":"https:\/\/studio-animacao.net\/blogo\/#organization","name":"Le BLOGO d'Anima\u00e7\u00e3o","url":"https:\/\/studio-animacao.net\/blogo\/","logo":{"@type":"ImageObject","inLanguage":"fr-FR","@id":"https:\/\/studio-animacao.net\/blogo\/#\/schema\/logo\/image\/","url":"http:\/\/studio-animacao.net\/blogo\/wp-content\/uploads\/2023\/06\/Animlogo.jpg","contentUrl":"http:\/\/studio-animacao.net\/blogo\/wp-content\/uploads\/2023\/06\/Animlogo.jpg","width":400,"height":227,"caption":"Le BLOGO d'Anima\u00e7\u00e3o"},"image":{"@id":"https:\/\/studio-animacao.net\/blogo\/#\/schema\/logo\/image\/"},"sameAs":["https:\/\/www.facebook.com\/associationAnimacao","https:\/\/www.instagram.com\/associationanimacao\/"]},{"@type":"Person","@id":"https:\/\/studio-animacao.net\/blogo\/#\/schema\/person\/d43605ef0d5681c1b27a4ba1fede1cf4","name":"admin","image":{"@type":"ImageObject","inLanguage":"fr-FR","@id":"https:\/\/studio-animacao.net\/blogo\/#\/schema\/person\/image\/","url":"https:\/\/secure.gravatar.com\/avatar\/ecf3aaaf6b5e78c58493c9d6029e0fa2?s=96&d=mm&r=g","contentUrl":"https:\/\/secure.gravatar.com\/avatar\/ecf3aaaf6b5e78c58493c9d6029e0fa2?s=96&d=mm&r=g","caption":"admin"},"url":"https:\/\/studio-animacao.net\/blogo\/author\/admin\/"}]}},"_links":{"self":[{"href":"https:\/\/studio-animacao.net\/blogo\/wp-json\/wp\/v2\/posts\/840"}],"collection":[{"href":"https:\/\/studio-animacao.net\/blogo\/wp-json\/wp\/v2\/posts"}],"about":[{"href":"https:\/\/studio-animacao.net\/blogo\/wp-json\/wp\/v2\/types\/post"}],"author":[{"embeddable":true,"href":"https:\/\/studio-animacao.net\/blogo\/wp-json\/wp\/v2\/users\/1"}],"replies":[{"embeddable":true,"href":"https:\/\/studio-animacao.net\/blogo\/wp-json\/wp\/v2\/comments?post=840"}],"version-history":[{"count":3,"href":"https:\/\/studio-animacao.net\/blogo\/wp-json\/wp\/v2\/posts\/840\/revisions"}],"predecessor-version":[{"id":852,"href":"https:\/\/studio-animacao.net\/blogo\/wp-json\/wp\/v2\/posts\/840\/revisions\/852"}],"wp:featuredmedia":[{"embeddable":true,"href":"https:\/\/studio-animacao.net\/blogo\/wp-json\/wp\/v2\/media\/842"}],"wp:attachment":[{"href":"https:\/\/studio-animacao.net\/blogo\/wp-json\/wp\/v2\/media?parent=840"}],"wp:term":[{"taxonomy":"category","embeddable":true,"href":"https:\/\/studio-animacao.net\/blogo\/wp-json\/wp\/v2\/categories?post=840"},{"taxonomy":"post_tag","embeddable":true,"href":"https:\/\/studio-animacao.net\/blogo\/wp-json\/wp\/v2\/tags?post=840"}],"curies":[{"name":"wp","href":"https:\/\/api.w.org\/{rel}","templated":true}]}}